{"id":994,"date":"2020-12-12T16:22:00","date_gmt":"2020-12-12T19:22:00","guid":{"rendered":"http:\/\/domingoseadvogados.com.br\/?p=994"},"modified":"2020-12-07T16:24:04","modified_gmt":"2020-12-07T19:24:04","slug":"deposito-judicial-efetuado-em-meio-inadequado-e-validado-por-cumprir-finalidade","status":"publish","type":"post","link":"https:\/\/domingoseadvogados.com.br\/index.php\/2020\/12\/12\/deposito-judicial-efetuado-em-meio-inadequado-e-validado-por-cumprir-finalidade\/","title":{"rendered":"Dep\u00f3sito judicial efetuado em meio inadequado \u00e9 validado por cumprir finalidade"},"content":{"rendered":"\n<p>A Subse\u00e7\u00e3o II Especializada em Diss\u00eddios Individuais (SDI-2) do Tribunal Superior do Trabalho considerou que, apesar de recolhido por via inadequada, o dep\u00f3sito recursal feito pelo Sindicato dos Trabalhadores na Movimenta\u00e7\u00e3o de Mercadorias em Geral de Ja\u00fa (Sintramoja\u00fa) cumpriu sua finalidade processual. Por essa raz\u00e3o, afastou o indeferimento da a\u00e7\u00e3o rescis\u00f3ria apresentada pelo sindicato contra senten\u00e7a da 2\u00aa Vara do Trabalho de Ja\u00fa (SP) que negara&nbsp;pedido relacionado \u00e0 representatividade sindical.<\/p>\n\n\n\n<h4 class=\"wp-block-heading\">Dep\u00f3sito pr\u00e9vio<\/h4>\n\n\n\n<p>O Tribunal Regional do Trabalho da 15\u00aa Regi\u00e3o (Campinas\/SP) rejeitou a a\u00e7\u00e3o rescis\u00f3ria, por entender que o Sintramoja\u00fa n\u00e3o havia comprovado o dep\u00f3sito pr\u00e9vio correspondente a 20 % do valor da causa, requisito previsto no <a href=\"http:\/\/www.planalto.gov.br\/ccivil_03\/decreto-lei\/del5452.htm#art836\" target=\"_blank\" rel=\"noreferrer noopener\">artigo 836<\/a> da CLT. A entidade sindical recorreu ao pr\u00f3prio TRT, com o argumento de que efetuara o dep\u00f3sito por meio da Guia de Recolhimento da Uni\u00e3o (GRU), com a identifica\u00e7\u00e3o do processo e o repasse da quantia ao ju\u00edzo. Contudo, o TRT manteve a extin\u00e7\u00e3o, com o fundamento de que deveria ter sido utilizada guia de dep\u00f3sito judicial, conforme o artigo 1\u00ba da <a href=\"https:\/\/juslaboris.tst.jus.br\/handle\/20.500.12178\/2107\" target=\"_blank\" rel=\"noreferrer noopener\">Instru\u00e7\u00e3o Normativa 31<\/a> do TST.<\/p>\n\n\n\n<h4 class=\"wp-block-heading\">Finalidade atingida<\/h4>\n\n\n\n<p>O relator do recurso ordin\u00e1rio do sindicato, ministro Dezena da Silva, observou que, embora a forma do ato n\u00e3o tenha sido observada corretamente pelo sindicato, sua finalidade foi atingida. \u201cO dep\u00f3sito pr\u00e9vio est\u00e1 \u00e0 disposi\u00e7\u00e3o do ju\u00edzo, devidamente identificado e vinculado ao processo matriz, consoante informado na guia de recolhimento\u201d, analisou.<\/p>\n\n\n\n<h4 class=\"wp-block-heading\">Instrumentalidade das formas<\/h4>\n\n\n\n<p>De acordo com o ministro, a disciplina dos atos processuais \u00e9 orientada pelo princ\u00edpio da instrumentalidade das formas, segundo o qual o processo \u00e9 instrumento de realiza\u00e7\u00e3o do Direito, e n\u00e3o um fim em si mesmo. Esse princ\u00edpio confere validade plena aos atos que, embora realizados de forma diversa da prevista em lei, atingem sua finalidade essencial.&nbsp;<\/p>\n\n\n\n<p>Consequentemente, para o relator, a constata\u00e7\u00e3o de que o dep\u00f3sito pr\u00e9vio realizado por meio da GRU atingiu sua finalidade \u00e9 suficiente para comprovar que fora atendido o pressuposto processual.&nbsp;<\/p>\n\n\n\n<p>A decis\u00e3o foi un\u00e2nime.<\/p>\n\n\n\n<p>Fone &#8211; TST &#8211; (GS\/CF) &#8211; Processo: RO-0006016-69.2016.5.15.0000<\/p>\n","protected":false},"excerpt":{"rendered":"<p>A Subse\u00e7\u00e3o II Especializada em Diss\u00eddios Individuais (SDI-2) do Tribunal Superior do Trabalho considerou que, apesar de recolhido por via inadequada, o dep\u00f3sito recursal feito pelo Sindicato dos Trabalhadores na Movimenta\u00e7\u00e3o de Mercadorias em Geral de Ja\u00fa (Sintramoja\u00fa) cumpriu sua finalidade processual. Por essa raz\u00e3o, afastou o indeferimento da a\u00e7\u00e3o rescis\u00f3ria apresentada pelo sindicato contra [&hellip;]<\/p>\n","protected":false},"author":2,"featured_media":844,"comment_status":"closed","ping_status":"closed","sticky":false,"template":"","format":"standard","meta":{"_mi_skip_tracking":false,"footnotes":""},"categories":[9],"tags":[4],"class_list":["post-994","post","type-post","status-publish","format-standard","has-post-thumbnail","hentry","category-noticias","tag-trabalhista"],"jetpack_featured_media_url":"https:\/\/domingoseadvogados.com.br\/wp-content\/uploads\/2020\/04\/33.jpg","jetpack-related-posts":[{"id":697,"url":"https:\/\/domingoseadvogados.com.br\/index.php\/2019\/07\/22\/tst-divulga-novos-valores-dos-limites-de-deposito-recursal\/","url_meta":{"origin":994,"position":0},"title":"TST divulga novos valores dos limites de dep\u00f3sito recursal","date":"julho 22, 2019","format":false,"excerpt":"O Tribunal Superior do Trabalho divulgou os valores referentes aos limites de dep\u00f3sito recursal que passar\u00e3o a vigorar a partir de 1\u00ba de agosto de 2019. Pela nova tabela, o limite do dep\u00f3sito para a interposi\u00e7\u00e3o de recurso ordin\u00e1rio passa a ser de R$ 9.828,51. Nos casos de recurso de\u2026","rel":"","context":"Em &quot;Not\u00edcias&quot;","img":{"alt_text":"","src":"","width":0,"height":0},"classes":[]},{"id":988,"url":"https:\/\/domingoseadvogados.com.br\/index.php\/2020\/12\/09\/empregado-publico-recebera-diferencas-salariais-por-desvio-de-funcao\/","url_meta":{"origin":994,"position":1},"title":"Empregado p\u00fablico receber\u00e1 diferen\u00e7as salariais por desvio de fun\u00e7\u00e3o","date":"dezembro 9, 2020","format":false,"excerpt":"A Subse\u00e7\u00e3o II Especializada em Diss\u00eddios Individuais (SDI-2) do Tribunal Superior do Trabalho restabeleceu decis\u00e3o que deferira\u00a0diferen\u00e7as salariais, por desvio de fun\u00e7\u00e3o, a um t\u00e9cnico portu\u00e1rio da Companhia Docas do Estado de S\u00e3o Paulo (Codesp). No entanto, foi negado o reenquadramento como administrador, porque, apesar de ter exercido essa fun\u00e7\u00e3o\u2026","rel":"","context":"Em &quot;Not\u00edcias&quot;","img":{"alt_text":"","src":"https:\/\/i0.wp.com\/domingoseadvogados.com.br\/wp-content\/uploads\/2020\/04\/33.jpg?resize=350%2C200&ssl=1","width":350,"height":200},"classes":[]},{"id":785,"url":"https:\/\/domingoseadvogados.com.br\/index.php\/2019\/12\/12\/professora-readaptada-para-funcao-administrativa-mantem-direito-a-salarios-e-vantagens-pessoais\/","url_meta":{"origin":994,"position":2},"title":"Professora readaptada para fun\u00e7\u00e3o administrativa mant\u00e9m direito a sal\u00e1rios e vantagens pessoais","date":"dezembro 12, 2019","format":false,"excerpt":"A Subse\u00e7\u00e3o 2 Especializada em Diss\u00eddios Individuais (SDI-2) do Tribunal Superior do Trabalho rescindiu senten\u00e7a que havia negado a uma professora do Munic\u00edpio de Franca (SP) readaptada para a fun\u00e7\u00e3o administrativa os direitos assegurados \u00e0 sua categoria. A Subse\u00e7\u00e3o considerou que a readapta\u00e7\u00e3o da empregada em nova fun\u00e7\u00e3o compat\u00edvel com\u2026","rel":"","context":"Em &quot;Not\u00edcias&quot;","img":{"alt_text":"","src":"https:\/\/i0.wp.com\/domingoseadvogados.com.br\/wp-content\/uploads\/2018\/10\/direito-trabalhista1-500x281.jpg?resize=350%2C200&ssl=1","width":350,"height":200},"classes":[]},{"id":655,"url":"https:\/\/domingoseadvogados.com.br\/index.php\/2019\/05\/17\/gestante-consegue-anular-demissao-e-recebera-verbas-do-periodo-de-estabilidade\/","url_meta":{"origin":994,"position":3},"title":"Gestante consegue anular demiss\u00e3o e receber\u00e1 verbas do per\u00edodo de estabilidade","date":"maio 17, 2019","format":false,"excerpt":"O Tribunal Superior do Trabalho reafirmou sua jurisprud\u00eancia de que o momento do conhecimento da gravidez pelo empregador, ou mesmo pela gestante, n\u00e3o retira da empregada o direito \u00e0 estabilidade provis\u00f3ria. O tema foi abordado pela Primeira Turma no julgamento do recurso de revista de uma auxiliar de servi\u00e7os gerais\u2026","rel":"","context":"Em &quot;Not\u00edcias&quot;","img":{"alt_text":"","src":"","width":0,"height":0},"classes":[]},{"id":619,"url":"https:\/\/domingoseadvogados.com.br\/index.php\/2019\/03\/20\/professora-obtem-rescisao-do-contrato-por-descumprimento-de-obrigacao-contratual\/","url_meta":{"origin":994,"position":4},"title":"Professora obt\u00e9m rescis\u00e3o do contrato por descumprimento de obriga\u00e7\u00e3o contratual","date":"mar\u00e7o 20, 2019","format":false,"excerpt":"A Segunda Turma do Tribunal Superior do Trabalho reconheceu a rescis\u00e3o indireta do contrato de trabalho de uma professora universit\u00e1ria de S\u00e3o Paulo (SP) em raz\u00e3o do n\u00e3o recolhimento do FGTS pelo Institui\u00e7\u00e3o de Ensino Superior.\u00a0 A rescis\u00e3o indireta, que ocorre quando \u00e9 constatada falta grave do empregador, permite ao\u2026","rel":"","context":"Em &quot;Not\u00edcias&quot;","img":{"alt_text":"","src":"https:\/\/i0.wp.com\/domingoseadvogados.com.br\/wp-content\/uploads\/2018\/10\/shutterstock_108943724-1000x675.jpg?resize=350%2C200&ssl=1","width":350,"height":200},"classes":[]},{"id":780,"url":"https:\/\/domingoseadvogados.com.br\/index.php\/2019\/12\/09\/tst-confirma-reintegracao-de-diretor-de-cooperativa-dispensado-durante-aviso-previo\/","url_meta":{"origin":994,"position":5},"title":"TST confirma reintegra\u00e7\u00e3o de diretor de cooperativa dispensado durante aviso-pr\u00e9vio","date":"dezembro 9, 2019","format":false,"excerpt":"A Subse\u00e7\u00e3o II Especializada em Diss\u00eddios Individuais (SDI-2) do Tribunal Superior do Trabalho manteve a ordem de reintegra\u00e7\u00e3o de um empregado da Paranapanema S.A., de Dias D\u2019\u00c1vila (BA), que havia sido eleito dirigente de cooperativa no curso do aviso-pr\u00e9vio. A decis\u00e3o foi fundamentada na jurisprud\u00eancia do TST relativa \u00e0 estabilidade\u2026","rel":"","context":"Em &quot;Not\u00edcias&quot;","img":{"alt_text":"","src":"https:\/\/i0.wp.com\/domingoseadvogados.com.br\/wp-content\/uploads\/2018\/10\/direito-trabalhista1-500x281.jpg?resize=350%2C200&ssl=1","width":350,"height":200},"classes":[]}],"_links":{"self":[{"href":"https:\/\/domingoseadvogados.com.br\/index.php\/wp-json\/wp\/v2\/posts\/994"}],"collection":[{"href":"https:\/\/domingoseadvogados.com.br\/index.php\/wp-json\/wp\/v2\/posts"}],"about":[{"href":"https:\/\/domingoseadvogados.com.br\/index.php\/wp-json\/wp\/v2\/types\/post"}],"author":[{"embeddable":true,"href":"https:\/\/domingoseadvogados.com.br\/index.php\/wp-json\/wp\/v2\/users\/2"}],"replies":[{"embeddable":true,"href":"https:\/\/domingoseadvogados.com.br\/index.php\/wp-json\/wp\/v2\/comments?post=994"}],"version-history":[{"count":1,"href":"https:\/\/domingoseadvogados.com.br\/index.php\/wp-json\/wp\/v2\/posts\/994\/revisions"}],"predecessor-version":[{"id":995,"href":"https:\/\/domingoseadvogados.com.br\/index.php\/wp-json\/wp\/v2\/posts\/994\/revisions\/995"}],"wp:featuredmedia":[{"embeddable":true,"href":"https:\/\/domingoseadvogados.com.br\/index.php\/wp-json\/wp\/v2\/media\/844"}],"wp:attachment":[{"href":"https:\/\/domingoseadvogados.com.br\/index.php\/wp-json\/wp\/v2\/media?parent=994"}],"wp:term":[{"taxonomy":"category","embeddable":true,"href":"https:\/\/domingoseadvogados.com.br\/index.php\/wp-json\/wp\/v2\/categories?post=994"},{"taxonomy":"post_tag","embeddable":true,"href":"https:\/\/domingoseadvogados.com.br\/index.php\/wp-json\/wp\/v2\/tags?post=994"}],"curies":[{"name":"wp","href":"https:\/\/api.w.org\/{rel}","templated":true}]}}