{"id":904,"date":"2020-06-08T10:39:00","date_gmt":"2020-06-08T13:39:00","guid":{"rendered":"http:\/\/domingoseadvogados.com.br\/?p=904"},"modified":"2020-06-03T15:42:13","modified_gmt":"2020-06-03T18:42:13","slug":"juiz-devera-aplicar-medidas-coercitivas-a-familiares-que-se-recusam-a-fazer-dna-sejam-ou-nao-parte-na-investigacao-de-paternidade","status":"publish","type":"post","link":"https:\/\/domingoseadvogados.com.br\/index.php\/2020\/06\/08\/juiz-devera-aplicar-medidas-coercitivas-a-familiares-que-se-recusam-a-fazer-dna-sejam-ou-nao-parte-na-investigacao-de-paternidade\/","title":{"rendered":"Juiz dever\u00e1 aplicar medidas coercitivas a familiares que se recusam a fazer DNA, sejam ou n\u00e3o parte na investiga\u00e7\u00e3o de paternidade"},"content":{"rendered":"\n<p>Para dobrar a resist\u00eancia das pessoas que, sendo as \u00fanicas capazes de esclarecer os fatos, se recusam a fornecer material para exame de DNA, o juiz pode lan\u00e7ar m\u00e3o das medidas coercitivas autorizadas pelo artigo 139, <a href=\"http:\/\/www.planalto.gov.br\/ccivil_03\/_ato2015-2018\/2015\/lei\/l13105.htm#art139IV\" target=\"_blank\" rel=\"noreferrer noopener\"><strong>inciso IV<\/strong><\/a>, do C\u00f3digo de Processo Civil (CPC) \u2013 e n\u00e3o s\u00f3 contra quem seja parte passiva na a\u00e7\u00e3o de investiga\u00e7\u00e3o de paternidade, mas contra outros familiares do suposto pai.<\/p>\n\n\n\n<p>O entendimento foi manifestado pela Segunda Se\u00e7\u00e3o do Superior Tribunal de Justi\u00e7a (STJ) ao acolher uma reclama\u00e7\u00e3o e cassar senten\u00e7a de primeiro grau que, contrariando julgamento do tribunal em recurso especial, extinguiu processo de investiga\u00e7\u00e3o de paternidade sem que fosse apurada a alega\u00e7\u00e3o de fraude no primeiro exame de DNA, feito h\u00e1 mais de 25 anos, e antes de esgotadas as possibilidades de realiza\u00e7\u00e3o de novo exame ap\u00f3s a morte do suposto pai. A decis\u00e3o foi un\u00e2nime.<\/p>\n\n\n\n<p>A apura\u00e7\u00e3o de uma poss\u00edvel fraude na primeira prova de DNA \u2013 que indiciou resultado negativo para o v\u00ednculo biol\u00f3gico paterno \u2013 e a realiza\u00e7\u00e3o de novo exame gen\u00e9tico foram determinadas pela Terceira Turma do STJ, que, ao julgar o recurso especial, afastou a coisa julgada do processo. Em consequ\u00eancia, os autos retornaram \u00e0 primeira inst\u00e2ncia.<\/p>\n\n\n\n<p>Como os familiares do suposto pai falecido n\u00e3o compareceram para fazer o segundo exame \u2013 e considerando haver apenas uma alega\u00e7\u00e3o de fraude sem provas relativa ao exame anterior \u2013, o juiz extinguiu o processo, declarando ter havido coisa julgada na primeira a\u00e7\u00e3o de investiga\u00e7\u00e3o de paternidade. Ele entendeu que n\u00e3o seria aplic\u00e1vel a presun\u00e7\u00e3o de paternidade prevista na <a href=\"https:\/\/ww2.stj.jus.br\/docs_internet\/revista\/eletronica\/stj-revista-sumulas-2011_23_capSumula301.pdf\"><strong>S\u00famula 301<\/strong><\/a> do STJ<\/p>\n\n\n\n<h2 class=\"wp-block-heading\">Declar\u200b\u200ba\u00e7\u00e3o<\/h2>\n\n\n\n<p>A ministra Nancy Andrighi, relatora da reclama\u00e7\u00e3o, apontou que o juiz, em nova an\u00e1lise do processo ap\u00f3s a decis\u00e3o da Terceira Turma, considerou n\u00e3o haver prova da fraude, mas apenas a declara\u00e7\u00e3o de uma pessoa que n\u00e3o participou da realiza\u00e7\u00e3o do exame de DNA \u2013 o que n\u00e3o seria suficiente para justificar a apura\u00e7\u00e3o.<\/p>\n\n\n\n<p>Entretanto, a relatora lembrou que essa declara\u00e7\u00e3o foi a mesma na qual a Terceira Turma se baseou, no julgamento do recurso especial, para concluir que se tratava de prova indici\u00e1ria suficiente para provocar a reabertura da fase de instru\u00e7\u00e3o e a apura\u00e7\u00e3o da veracidade de seu conte\u00fado.<\/p>\n\n\n\n<p>Segundo a ministra, em raz\u00e3o do longo tempo transcorrido desde que foi realizado o exame, o pr\u00f3prio ac\u00f3rd\u00e3o da turma indicou as provid\u00eancias que deveriam ser adotadas para a apura\u00e7\u00e3o da suposta fraude, como a oitiva do declarante e dos m\u00e9dicos envolvidos.<\/p>\n\n\n\n<h2 class=\"wp-block-heading\">M\u00e3os a\u200b\u200b\u200btadas<\/h2>\n\n\n\n<p>Em rela\u00e7\u00e3o \u00e0 realiza\u00e7\u00e3o de novo exame, Nancy Andrighi ressaltou que h\u00e1, at\u00e9 o momento, apenas um herdeiro reconhecido do suposto pai \u2013 parte passiva na atual a\u00e7\u00e3o de investiga\u00e7\u00e3o de paternidade \u2013, mas foram localizados dois irm\u00e3os vivos do falecido.<\/p>\n\n\n\n<p>No dia designado para o exame, apenas o suposto filho compareceu ao laborat\u00f3rio. Segundo a ministra, o magistrado considerou n\u00e3o ser vi\u00e1vel a integra\u00e7\u00e3o do polo passivo pelos irm\u00e3os do falecido, pois eles n\u00e3o seriam herdeiros necess\u00e1rios. Al\u00e9m disso, o juiz entendeu que a recusa dos envolvidos em fornecer material gen\u00e9tico n\u00e3o poderia levar \u00e0 presun\u00e7\u00e3o de paternidade (S\u00famula 301), especialmente por haver coisa julgada na a\u00e7\u00e3o investigat\u00f3ria anterior, a qual teria sido afastada pelo STJ t\u00e3o somente para a realiza\u00e7\u00e3o do novo exame de DNA.<\/p>\n\n\n\n<p>De acordo com a relatora, apenas se tivesse sido conclu\u00edda a apura\u00e7\u00e3o sobre a exist\u00eancia de fraude no exame realizado na primeira a\u00e7\u00e3o investigat\u00f3ria \u2013 como expressamente determinado pela Terceira Turma \u2013 \u00e9 que se poderia cogitar de aplicar ou n\u00e3o a presun\u00e7\u00e3o de paternidade em raz\u00e3o da negativa de fornecimento de material biol\u00f3gico pelos familiares pr\u00f3ximos.<\/p>\n\n\n\n<p>Com base em precedentes do Supremo Tribunal Federal, Nancy Andrighi reconheceu n\u00e3o ser poss\u00edvel conduzir coercitivamente o investigado para a coleta do material gen\u00e9tico, por se tratar de medida que viola a liberdade de locomo\u00e7\u00e3o.<\/p>\n\n\n\n<p>&#8220;Isso n\u00e3o significa, todavia, que possa a parte ou o terceiro colocar o magistrado de m\u00e3os atadas, desrespeitando injustificadamente a ordem judicial de comparecimento ao local da per\u00edcia, sem que haja nenhuma esp\u00e9cie de instrumento eficaz para dobrar a renit\u00eancia de quem adota postura anticooperativa e anticolaborativa, sobretudo quando a in\u00e9rcia se revela apta a gerar o <em>non liquet<\/em> instrut\u00f3rio justamente em desfavor de quem coopera e de quem colabora para o descobrimento da verdade&#8221;, afirmou a relatora.<\/p>\n\n\n\n<h2 class=\"wp-block-heading\">Medidas coerc\u200b\u200bitivas<\/h2>\n\n\n\n<p>Nancy Andrighi destacou que o entendimento da S\u00famula 301 n\u00e3o pode ser considerado absoluto e insuscet\u00edvel de relativiza\u00e7\u00e3o, &#8220;pois, maior do que o direito de um filho de ter um pai, \u00e9 o direito de um filho de saber quem \u00e9 o seu pai&#8221;.<\/p>\n\n\n\n<p>Como consequ\u00eancia, em seu voto, a ministra entendeu ser necess\u00e1rio cassar a senten\u00e7a para determinar que seja conclu\u00edda a instru\u00e7\u00e3o sobre a filia\u00e7\u00e3o do autor da a\u00e7\u00e3o, devendo o juiz, se preciso, adotar as medidas indutivas, mandamentais e coercitivas autorizadas pelo artigo 139, inciso IV, do CPC, para s\u00f3 ent\u00e3o \u2013 no caso de ser imposs\u00edvel a elucida\u00e7\u00e3o da quest\u00e3o \u2013 decidir com base em \u00f4nus da prova e presun\u00e7\u00f5es.<\/p>\n\n\n\n<p>As medidas, segundo a ministra, devem ser direcionadas n\u00e3o s\u00f3 ao herdeiro reconhecido, como tamb\u00e9m aos irm\u00e3os do falecido, ainda que ostentem a condi\u00e7\u00e3o de terceiros na a\u00e7\u00e3o. Essa possibilidade de extens\u00e3o tem amparo no entendimento da doutrina sobre o conceito de legitimidade processual, que n\u00e3o deve mais se referir apenas \u00e0 hip\u00f3tese cl\u00e1ssica de legitimidade para a demanda, mas tamb\u00e9m \u00e0 legitimidade para atos processuais espec\u00edficos.&nbsp;&nbsp;<\/p>\n\n\n\n<p>&#8220;\u00c9 correto afirmar que um terceiro, independentemente da exist\u00eancia de circunst\u00e2ncia que o legitime a ser parte ou interveniente, poder\u00e1 ser instado a participar apenas de determinados atos processuais, inclusive na seara instrut\u00f3ria, o que, na verdade, n\u00e3o \u00e9 sequer uma grande novidade, na medida em que terceiros, observado o contradit\u00f3rio, poder\u00e3o ser obrigados a exibir documento ou coisa que se encontre em seu poder, sob pena de busca e apreens\u00e3o em que se admitir\u00e1 a ado\u00e7\u00e3o de medidas indutivas, coercitivas, sub-rogat\u00f3rias ou mandamentais (artigos 401 a 404 do novo CPC) \u2013 procedimento que igualmente deve ser aplicado \u00e0 hip\u00f3tese&#8221;, finalizou a ministra ao julgar procedente a reclama\u00e7\u00e3o.<\/p>\n\n\n\n<p>Fonte &#8211; STJ &#8211; not\u00edcias do dia 22\/05\/2020 &#8211; <em>O n\u00famero deste processo n\u00e3o \u00e9 divulgado em raz\u00e3o de segredo judicial.<\/em><\/p>\n","protected":false},"excerpt":{"rendered":"<p>Para dobrar a resist\u00eancia das pessoas que, sendo as \u00fanicas capazes de esclarecer os fatos, se recusam a fornecer material para exame de DNA, o juiz pode lan\u00e7ar m\u00e3o das medidas coercitivas autorizadas pelo artigo 139, inciso IV, do C\u00f3digo de Processo Civil (CPC) \u2013 e n\u00e3o s\u00f3 contra quem seja parte passiva na a\u00e7\u00e3o [&hellip;]<\/p>\n","protected":false},"author":2,"featured_media":844,"comment_status":"closed","ping_status":"closed","sticky":false,"template":"","format":"standard","meta":{"_mi_skip_tracking":false,"footnotes":""},"categories":[9],"tags":[7],"class_list":["post-904","post","type-post","status-publish","format-standard","has-post-thumbnail","hentry","category-noticias","tag-civel"],"jetpack_featured_media_url":"https:\/\/domingoseadvogados.com.br\/wp-content\/uploads\/2020\/04\/33.jpg","jetpack-related-posts":[{"id":684,"url":"https:\/\/domingoseadvogados.com.br\/index.php\/2019\/05\/30\/custeio-do-exame-de-dna-em-caso-de-justica-gratuita-obrigacao-do-poder-publico\/","url_meta":{"origin":904,"position":0},"title":"Custeio do exame de DNA em caso de Justi\u00e7a gratuita. Obriga\u00e7\u00e3o do poder p\u00fablico","date":"maio 30, 2019","format":false,"excerpt":"A Terceira Turma do Superior Tribunal de Justi\u00e7a (STJ) aplicou as novas disposi\u00e7\u00f5es do C\u00f3digo de Processo Civil (CPC) e estabeleceu que cabe ao Estado custear o exame de DNA em a\u00e7\u00e3o de investiga\u00e7\u00e3o de paternidade para os benefici\u00e1rios da assist\u00eancia judici\u00e1ria gratuita. O colegiado negou provimento a recurso em\u2026","rel":"","context":"Em &quot;Not\u00edcias&quot;","img":{"alt_text":"","src":"","width":0,"height":0},"classes":[]},{"id":282,"url":"https:\/\/domingoseadvogados.com.br\/index.php\/2018\/04\/25\/reconhecimento-de-multiparentalidade-esta-condicionado-ao-interesse-da-crianca\/","url_meta":{"origin":904,"position":1},"title":"Reconhecimento de multiparentalidade est\u00e1 condicionado ao interesse da crian\u00e7a","date":"abril 25, 2018","format":false,"excerpt":"Reconhecimento de multiparentalidade est\u00e1 condicionado ao interesse da crian\u00e7a A Terceira Turma do Superior Tribunal de Justi\u00e7a (STJ) negou provimento ao recurso por meio do qual uma mulher pretendia assegurar que sua filha tivesse o pai socioafetivo e o pai biol\u00f3gico reconhecidos concomitantemente no registro civil. A multiparentalidade \u00e9 uma\u2026","rel":"","context":"Em &quot;Not\u00edcias&quot;","img":{"alt_text":"","src":"","width":0,"height":0},"classes":[]},{"id":1027,"url":"https:\/\/domingoseadvogados.com.br\/index.php\/2021\/03\/17\/ajudante-geral-consegue-uso-de-sistema-tecnologico-para-buscar-patrimonio-de-empresa\/","url_meta":{"origin":904,"position":2},"title":"Ajudante geral consegue uso de sistema tecnol\u00f3gico para buscar patrim\u00f4nio de empresa","date":"mar\u00e7o 17, 2021","format":false,"excerpt":"A Segunda Turma do Tribunal Superior do Trabalho autorizou a utiliza\u00e7\u00e3o do Sistema de Investiga\u00e7\u00e3o de Movimenta\u00e7\u00f5es Banc\u00e1rias (Simba) para pesquisar o patrim\u00f4nio dos devedores de cr\u00e9ditos trabalhistas a uma ajudante geral. O processo dela contra o Restaurante Pizzaria e Choperia Terra\u00e7o Bella Roma Ltda., de S\u00e3o Paulo (SP), tramita\u2026","rel":"","context":"Em &quot;Not\u00edcias&quot;","img":{"alt_text":"","src":"https:\/\/i0.wp.com\/domingoseadvogados.com.br\/wp-content\/uploads\/2020\/04\/33.jpg?resize=350%2C200&ssl=1","width":350,"height":200},"classes":[]},{"id":33,"url":"https:\/\/domingoseadvogados.com.br\/index.php\/2016\/03\/25\/excecao-de-pre-executividade\/","url_meta":{"origin":904,"position":3},"title":"Exce\u00e7\u00e3o de pr\u00e9-executividade","date":"mar\u00e7o 25, 2016","format":false,"excerpt":"Exce\u00e7\u00e3o de pr\u00e9-executividade A exposi\u00e7\u00e3o abaixo trata sobre a possibilidade da exce\u00e7\u00e3o de pr\u00e9-executividade quanto as mat\u00e9rias de ordem p\u00fablica, sen\u00e3o vejamos. Seguindo o racioc\u00ednio imputado na S\u00famula 393 do Superior Tribunal de Justi\u00e7a, temos que: A exce\u00e7\u00e3o de pr\u00e9-executividade \u00e9 admiss\u00edvel na execu\u00e7\u00e3o fiscal relativamente \u00e0s mat\u00e9rias conhec\u00edveis de\u2026","rel":"","context":"Em &quot;Not\u00edcias&quot;","img":{"alt_text":"","src":"","width":0,"height":0},"classes":[]},{"id":1161,"url":"https:\/\/domingoseadvogados.com.br\/index.php\/2023\/08\/09\/empresa-de-vigilancia-e-condenada-por-assedio-sexual-contra-empregadas\/","url_meta":{"origin":904,"position":4},"title":"Empresa de vigil\u00e2ncia \u00e9 condenada por ass\u00e9dio sexual contra empregadas","date":"agosto 9, 2023","format":false,"excerpt":"Uma empresa de vigil\u00e2ncia do Paran\u00e1 (PR) foi condenada por dano moral coletivo em raz\u00e3o do ass\u00e9dio sexual praticado por um superior hier\u00e1rquico a duas vigilantes. A decis\u00e3o \u00e9 da S\u00e9tima Turma do Tribunal Superior do Trabalho, que determinou que os efeitos da condena\u00e7\u00e3o se estendam a todas as localidades\u2026","rel":"","context":"Em &quot;Not\u00edcias&quot;","img":{"alt_text":"","src":"https:\/\/i0.wp.com\/domingoseadvogados.com.br\/wp-content\/uploads\/2020\/04\/33.jpg?resize=350%2C200&ssl=1","width":350,"height":200},"classes":[]},{"id":849,"url":"https:\/\/domingoseadvogados.com.br\/index.php\/2020\/04\/02\/viuva-habilitada-como-dependente-no-inss-pode-ajuizar-acao-contra-empregador-do-marido\/","url_meta":{"origin":904,"position":5},"title":"Vi\u00fava habilitada como dependente no INSS pode ajuizar a\u00e7\u00e3o contra empregador do marido","date":"abril 2, 2020","format":false,"excerpt":"A Segunda Turma do Tribunal Superior do Trabalho reconheceu a legitimidade da vi\u00fava de um aposentado da Companhia Docas do Estado de S\u00e3o Paulo (Codesp) para requerer em ju\u00edzo parcelas decorrentes da rela\u00e7\u00e3o de emprego. Segundo a Turma, a legitimidade decorre do fato de a vi\u00fava ser habilitada na Previd\u00eancia\u2026","rel":"","context":"Em &quot;Not\u00edcias&quot;","img":{"alt_text":"","src":"","width":0,"height":0},"classes":[]}],"_links":{"self":[{"href":"https:\/\/domingoseadvogados.com.br\/index.php\/wp-json\/wp\/v2\/posts\/904"}],"collection":[{"href":"https:\/\/domingoseadvogados.com.br\/index.php\/wp-json\/wp\/v2\/posts"}],"about":[{"href":"https:\/\/domingoseadvogados.com.br\/index.php\/wp-json\/wp\/v2\/types\/post"}],"author":[{"embeddable":true,"href":"https:\/\/domingoseadvogados.com.br\/index.php\/wp-json\/wp\/v2\/users\/2"}],"replies":[{"embeddable":true,"href":"https:\/\/domingoseadvogados.com.br\/index.php\/wp-json\/wp\/v2\/comments?post=904"}],"version-history":[{"count":1,"href":"https:\/\/domingoseadvogados.com.br\/index.php\/wp-json\/wp\/v2\/posts\/904\/revisions"}],"predecessor-version":[{"id":905,"href":"https:\/\/domingoseadvogados.com.br\/index.php\/wp-json\/wp\/v2\/posts\/904\/revisions\/905"}],"wp:featuredmedia":[{"embeddable":true,"href":"https:\/\/domingoseadvogados.com.br\/index.php\/wp-json\/wp\/v2\/media\/844"}],"wp:attachment":[{"href":"https:\/\/domingoseadvogados.com.br\/index.php\/wp-json\/wp\/v2\/media?parent=904"}],"wp:term":[{"taxonomy":"category","embeddable":true,"href":"https:\/\/domingoseadvogados.com.br\/index.php\/wp-json\/wp\/v2\/categories?post=904"},{"taxonomy":"post_tag","embeddable":true,"href":"https:\/\/domingoseadvogados.com.br\/index.php\/wp-json\/wp\/v2\/tags?post=904"}],"curies":[{"name":"wp","href":"https:\/\/api.w.org\/{rel}","templated":true}]}}