{"id":867,"date":"2020-04-24T09:46:00","date_gmt":"2020-04-24T12:46:00","guid":{"rendered":"http:\/\/domingoseadvogados.com.br\/?p=867"},"modified":"2020-04-22T17:48:22","modified_gmt":"2020-04-22T20:48:22","slug":"retencao-de-carteira-de-trabalho-pela-empresa-alem-do-prazo-normal-e-considerada-ilegal","status":"publish","type":"post","link":"https:\/\/domingoseadvogados.com.br\/index.php\/2020\/04\/24\/retencao-de-carteira-de-trabalho-pela-empresa-alem-do-prazo-normal-e-considerada-ilegal\/","title":{"rendered":"Reten\u00e7\u00e3o de carteira de trabalho pela empresa al\u00e9m do prazo normal \u00e9 considerada ilegal"},"content":{"rendered":"\n<p>A Sexta Turma do Tribunal Superior do Trabalho decidiu, em julgamento por plen\u00e1rio virtual, que a Transbrasiliana Concession\u00e1ria de Rodovia S.A., de Lins (SP), dever\u00e1 pagar indeniza\u00e7\u00e3o de R$ 2 mil a um motorista que teve a carteira de trabalho retida al\u00e9m do prazo legal ap\u00f3s a rescis\u00e3o do contrato. &nbsp;Segundo o colegiado, a conduta do empregador foi il\u00edcita. &nbsp; &nbsp;<\/p>\n\n\n\n<p><strong>Abuso de direito<\/strong><\/p>\n\n\n\n<p>Dispensado pela Transbrasiliana em dezembro de 2014, o motorista classificou como abuso de direito a conduta da empresa, il\u00edcito grave que lhe causou grande preju\u00edzo. Segundo ele, a reten\u00e7\u00e3o o impediu de obter novo emprego e de ter acesso a direitos de natureza trabalhista. &nbsp;J\u00e1 a empresa alegou que o empregado n\u00e3o conseguiu comprovar que a reten\u00e7\u00e3o da CTPS lhe trouxe dano capaz de justificar indeniza\u00e7\u00e3o. Afirmou ainda que sequer houve comprova\u00e7\u00e3o de que o empregado solicitou a sua devolu\u00e7\u00e3o ou tenha ido busc\u00e1-la na sede da empresa.&nbsp;<\/p>\n\n\n\n<p><strong>Falta de comprova\u00e7\u00e3o<\/strong><\/p>\n\n\n\n<p>A Transbasiliana foi condenada em R$ 1 mil pela primeira inst\u00e2ncia, mas a senten\u00e7a foi reformada pelo Tribunal Regional do Trabalho da 15\u00aa Regi\u00e3o (Campinas-SP). Na avalia\u00e7\u00e3o do TRT, embora comprovado que a CTPS foi devolvida fora do prazo legal (o qual era de 48 horas, pela reda\u00e7\u00e3o do <a href=\"https:\/\/www.planalto.gov.br\/ccivil_03\/decreto-lei\/Del5452.htm#art29\">artigo 29<\/a> da CLT vigente \u00e0 \u00e9poca dos fatos), n\u00e3o ficou demonstrada a tese do trabalhador de que a conduta representou dano moral indeniz\u00e1vel.<\/p>\n\n\n\n<p><strong>Dano presum\u00edvel<\/strong><\/p>\n\n\n\n<p>Segundo o relator do recurso de revista, ministro Augusto C\u00e9sar Leite de Carvalho, o entendimento do TST \u00e9 de que a reten\u00e7\u00e3o da CTPS por prazo superior ao previsto em lei enseja o pagamento de indeniza\u00e7\u00e3o por dano moral, sendo o dano presum\u00edvel. \u201cBasta a demonstra\u00e7\u00e3o da conduta il\u00edcita praticada pelo empregador \u2013 o que efetivamente ocorreu no caso concreto\u201d, afirmou o relator.&nbsp;<\/p>\n\n\n\n<p>Por unanimidade, a Turma determinou o aumento do valor de indeniza\u00e7\u00e3o para R$ 2 mil, atendendo \u00e0 fixa\u00e7\u00e3o em casos semelhantes, em que h\u00e1 reten\u00e7\u00e3o indevida da CTPS do empregado.<\/p>\n\n\n\n<p>Fonte &#8211; TST &#8211; (LT\/RR) &#8211; Processo: RR-0013052-10.2015.5.15.0062<\/p>\n","protected":false},"excerpt":{"rendered":"<p>A Sexta Turma do Tribunal Superior do Trabalho decidiu, em julgamento por plen\u00e1rio virtual, que a Transbrasiliana Concession\u00e1ria de Rodovia S.A., de Lins (SP), dever\u00e1 pagar indeniza\u00e7\u00e3o de R$ 2 mil a um motorista que teve a carteira de trabalho retida al\u00e9m do prazo legal ap\u00f3s a rescis\u00e3o do contrato. &nbsp;Segundo o colegiado, a conduta [&hellip;]<\/p>\n","protected":false},"author":2,"featured_media":0,"comment_status":"closed","ping_status":"closed","sticky":false,"template":"","format":"standard","meta":{"_mi_skip_tracking":false,"footnotes":""},"categories":[9],"tags":[4],"class_list":["post-867","post","type-post","status-publish","format-standard","hentry","category-noticias","tag-trabalhista"],"jetpack_featured_media_url":"","jetpack-related-posts":[{"id":863,"url":"https:\/\/domingoseadvogados.com.br\/index.php\/2020\/04\/23\/aprovado-em-concurso-para-carteiro-recebera-indenizacao-por-ter-sido-preterido-por-terceirizado\/","url_meta":{"origin":867,"position":0},"title":"Aprovado em concurso para carteiro receber\u00e1 indeniza\u00e7\u00e3o por ter sido preterido por terceirizado","date":"abril 23, 2020","format":false,"excerpt":"A Empresa Brasileira de Correios e Tel\u00e9grafos (ECT) foi condenada pela S\u00e9tima Turma do Tribunal Superior do Trabalho ao pagamento de R$ 5 mil a t\u00edtulo de indeniza\u00e7\u00e3o a um candidato aprovado para o cargo de carteiro que n\u00e3o foi nomeado, em raz\u00e3o da contrata\u00e7\u00e3o de terceirizados para a fun\u00e7\u00e3o.\u2026","rel":"","context":"Em &quot;Not\u00edcias&quot;","img":{"alt_text":"","src":"","width":0,"height":0},"classes":[]},{"id":1067,"url":"https:\/\/domingoseadvogados.com.br\/index.php\/2021\/05\/21\/motorista-sera-indenizado-por-cancelamento-de-plano-de-saude-pela-empresa\/","url_meta":{"origin":867,"position":1},"title":"Motorista ser\u00e1 indenizado por cancelamento de plano de sa\u00fade pela empresa","date":"maio 21, 2021","format":false,"excerpt":"A Segunda Turma do Tribunal Superior do Trabalho condenou a Nacional Expresso Ltda., de S\u00e3o Jos\u00e9 do Rio Preto (SP), a pagar R$ 5 mil de indeniza\u00e7\u00e3o a um motorista que teve o plano de sa\u00fade cancelado por quase um ano ap\u00f3s a aposentadoria por invalidez. Para a Turma, a\u2026","rel":"","context":"Em &quot;Not\u00edcias&quot;","img":{"alt_text":"","src":"https:\/\/i0.wp.com\/domingoseadvogados.com.br\/wp-content\/uploads\/2020\/04\/33.jpg?resize=350%2C200&ssl=1","width":350,"height":200},"classes":[]},{"id":977,"url":"https:\/\/domingoseadvogados.com.br\/index.php\/2020\/11\/26\/multinacional-deve-indenizacao-por-consultar-informacoes-crediticias-em-processo-seletivo\/","url_meta":{"origin":867,"position":2},"title":"Multinacional deve indeniza\u00e7\u00e3o por consultar informa\u00e7\u00f5es credit\u00edcias em processo seletivo","date":"novembro 26, 2020","format":false,"excerpt":"A Segunda Turma do Tribunal Superior do Trabalho restabeleceu a condena\u00e7\u00e3o da (empresa suprimida)Ltda. por dano moral coletivo por realizar consultas pr\u00e9vias a servi\u00e7os de prote\u00e7\u00e3o ao cr\u00e9dito (SPC e Serasa) sobre candidatos a vagas de emprego. Para a Turma, trata-se de conduta discriminat\u00f3ria, pois a situa\u00e7\u00e3o credit\u00edcia do candidato\u2026","rel":"","context":"Em &quot;Not\u00edcias&quot;","img":{"alt_text":"","src":"https:\/\/i0.wp.com\/domingoseadvogados.com.br\/wp-content\/uploads\/2020\/04\/33.jpg?resize=350%2C200&ssl=1","width":350,"height":200},"classes":[]},{"id":954,"url":"https:\/\/domingoseadvogados.com.br\/index.php\/2020\/10\/31\/mantida-responsabilidade-da-ect-em-acidente-que-vitimou-terceirizado\/","url_meta":{"origin":867,"position":3},"title":"Mantida responsabilidade da ECT em acidente que vitimou terceirizado","date":"outubro 31, 2020","format":false,"excerpt":"A Terceira Turma do TST rejeitou o recurso da Empresa Brasileira de Correios (ECT) contra a condena\u00e7\u00e3o, de forma subsidi\u00e1ria, ao pagamento de indeniza\u00e7\u00e3o \u00e0 esposa de um motorista terceirizado de Governador Valadares (MG) que morreu em acidente de trabalho. Segundo a Turma, a condena\u00e7\u00e3o do tomador de servi\u00e7os decorre\u2026","rel":"","context":"Em &quot;Not\u00edcias&quot;","img":{"alt_text":"","src":"https:\/\/i0.wp.com\/domingoseadvogados.com.br\/wp-content\/uploads\/2020\/04\/33.jpg?resize=350%2C200&ssl=1","width":350,"height":200},"classes":[]},{"id":1048,"url":"https:\/\/domingoseadvogados.com.br\/index.php\/2021\/05\/03\/pernoite-em-caminhao-nao-da-direito-a-indenizacao-por-dano-moral-a-motorista\/","url_meta":{"origin":867,"position":4},"title":"Pernoite em caminh\u00e3o n\u00e3o d\u00e1 direito a indeniza\u00e7\u00e3o por dano moral a motorista","date":"maio 3, 2021","format":false,"excerpt":"A Quarta Turma do Tribunal Superior do Trabalho, por unanimidade, excluiu da condena\u00e7\u00e3o imposta \u00e0 Trans Accurcio Ltda., de Palmas (TO), o pagamento de indeniza\u00e7\u00e3o por dano moral a um motorista que tinha de pernoitar no caminh\u00e3o durante as viagens de trabalho. O colegiado seguiu a jurisprud\u00eancia do TST para\u2026","rel":"","context":"Em &quot;Not\u00edcias&quot;","img":{"alt_text":"","src":"https:\/\/i0.wp.com\/domingoseadvogados.com.br\/wp-content\/uploads\/2020\/04\/33.jpg?resize=350%2C200&ssl=1","width":350,"height":200},"classes":[]},{"id":956,"url":"https:\/\/domingoseadvogados.com.br\/index.php\/2020\/11\/01\/rede-de-lanchonete-e-condenada-por-assedio-moral-comprovado-contra-atendente\/","url_meta":{"origin":867,"position":5},"title":"Rede de lanchonete \u00e9 condenada por ass\u00e9dio moral comprovado contra atendente","date":"novembro 1, 2020","format":false,"excerpt":"Uma loja da (suprimido) , em Varginha\u00a0(MG), foi condenada pela Segunda Turma do Tribunal Superior do Trabalho a pagar indeniza\u00e7\u00e3o de R$ 20 mil a uma ex-atendente, v\u00edtima de ass\u00e9dio moral pelo gerente. O recurso \u00e9 da trabalhadora, que pediu o aumento da condena\u00e7\u00e3o, fixada em R$ 2 mil pela\u2026","rel":"","context":"Em &quot;Not\u00edcias&quot;","img":{"alt_text":"","src":"https:\/\/i0.wp.com\/domingoseadvogados.com.br\/wp-content\/uploads\/2020\/04\/33.jpg?resize=350%2C200&ssl=1","width":350,"height":200},"classes":[]}],"_links":{"self":[{"href":"https:\/\/domingoseadvogados.com.br\/index.php\/wp-json\/wp\/v2\/posts\/867"}],"collection":[{"href":"https:\/\/domingoseadvogados.com.br\/index.php\/wp-json\/wp\/v2\/posts"}],"about":[{"href":"https:\/\/domingoseadvogados.com.br\/index.php\/wp-json\/wp\/v2\/types\/post"}],"author":[{"embeddable":true,"href":"https:\/\/domingoseadvogados.com.br\/index.php\/wp-json\/wp\/v2\/users\/2"}],"replies":[{"embeddable":true,"href":"https:\/\/domingoseadvogados.com.br\/index.php\/wp-json\/wp\/v2\/comments?post=867"}],"version-history":[{"count":1,"href":"https:\/\/domingoseadvogados.com.br\/index.php\/wp-json\/wp\/v2\/posts\/867\/revisions"}],"predecessor-version":[{"id":868,"href":"https:\/\/domingoseadvogados.com.br\/index.php\/wp-json\/wp\/v2\/posts\/867\/revisions\/868"}],"wp:attachment":[{"href":"https:\/\/domingoseadvogados.com.br\/index.php\/wp-json\/wp\/v2\/media?parent=867"}],"wp:term":[{"taxonomy":"category","embeddable":true,"href":"https:\/\/domingoseadvogados.com.br\/index.php\/wp-json\/wp\/v2\/categories?post=867"},{"taxonomy":"post_tag","embeddable":true,"href":"https:\/\/domingoseadvogados.com.br\/index.php\/wp-json\/wp\/v2\/tags?post=867"}],"curies":[{"name":"wp","href":"https:\/\/api.w.org\/{rel}","templated":true}]}}