{"id":863,"date":"2020-04-23T09:35:00","date_gmt":"2020-04-23T12:35:00","guid":{"rendered":"http:\/\/domingoseadvogados.com.br\/?p=863"},"modified":"2020-04-22T17:40:44","modified_gmt":"2020-04-22T20:40:44","slug":"aprovado-em-concurso-para-carteiro-recebera-indenizacao-por-ter-sido-preterido-por-terceirizado","status":"publish","type":"post","link":"https:\/\/domingoseadvogados.com.br\/index.php\/2020\/04\/23\/aprovado-em-concurso-para-carteiro-recebera-indenizacao-por-ter-sido-preterido-por-terceirizado\/","title":{"rendered":"Aprovado em concurso para carteiro receber\u00e1 indeniza\u00e7\u00e3o por ter sido preterido por terceirizado"},"content":{"rendered":"\n<p>A Empresa Brasileira de Correios e Tel\u00e9grafos (ECT) foi condenada pela S\u00e9tima Turma do Tribunal Superior do Trabalho ao pagamento de R$ 5 mil a t\u00edtulo de indeniza\u00e7\u00e3o a um candidato aprovado para o cargo de carteiro que n\u00e3o foi nomeado, em raz\u00e3o da contrata\u00e7\u00e3o de terceirizados para a fun\u00e7\u00e3o. Segundo o colegiado, houve conduta culposa da empresa e nexo causal entre a a\u00e7\u00e3o e o dano sofrido.<\/p>\n\n\n\n<h4 class=\"wp-block-heading\">Concurso<\/h4>\n\n\n\n<p>Na reclama\u00e7\u00e3o trabalhista, o candidato explicou que o edital previa tr\u00eas vagas a serem preenchidas, al\u00e9m de&nbsp;sele\u00e7\u00e3o &nbsp;para cadastro reserva. Ele ficou na 747\u00aa posi\u00e7\u00e3o. Contudo, posteriormente, a ECT contratou 1.577 pessoas para a fun\u00e7\u00e3o como m\u00e3o de obra tempor\u00e1ria, por meio de pelo menos quatro licita\u00e7\u00f5es. Segundo ele, havia necessidade do servi\u00e7o, vagas e or\u00e7amento dispon\u00edvel para a contrata\u00e7\u00e3o dos aprovados, que foram preteridos por trabalhadores terceirizados.<\/p>\n\n\n\n<p>Em sua defesa, a empresa sustentou que a aprova\u00e7\u00e3o na primeira etapa do concurso n\u00e3o implica a contrata\u00e7\u00e3o e que o candidato n\u00e3o foi submetido aos exames pr\u00e9-admissionais, de natureza eliminat\u00f3ria. Tamb\u00e9m defendeu a legalidade da terceiriza\u00e7\u00e3o das atividades-fim.<\/p>\n\n\n\n<h4 class=\"wp-block-heading\">Contrata\u00e7\u00e3o<\/h4>\n\n\n\n<p>O ju\u00edzo da 2\u00aa Vara do Trabalho de Bras\u00edlia (DF) determinou a admiss\u00e3o do aprovado, por entender que a empresa n\u00e3o comprovou necessidade sazonal para a contrata\u00e7\u00e3o prec\u00e1ria, e deferiu a indeniza\u00e7\u00e3o por danos morais no valor de R$ 5 mil. Segundo a senten\u00e7a, a expectativa de contrata\u00e7\u00e3o havia sido severamente frustrada por ato il\u00edcito&nbsp;da empresa, com repercuss\u00e3o na esfera&nbsp;extrapatrimonial do candidato.<\/p>\n\n\n\n<p>No exame de recurso ordin\u00e1rio da ECT, o Tribunal Regional do Trabalho da 10\u00aa Regi\u00e3o (DF\/TO) manteve a obriga\u00e7\u00e3o de contrata\u00e7\u00e3o, mas concluiu que a preteri\u00e7\u00e3o de candidato aprovado em concurso p\u00fablico, por si s\u00f3, n\u00e3o gera o direito ao recebimento de indeniza\u00e7\u00e3o por dano moral.<\/p>\n\n\n\n<h4 class=\"wp-block-heading\">Pressupostos<\/h4>\n\n\n\n<p>O relator do recurso de revista, ministro Cl\u00e1udio Brand\u00e3o, explicou que, no caso, os diversos aspectos registrados pelo TRT (a aprova\u00e7\u00e3o, as licita\u00e7\u00f5es durante a validade do certame e a demonstra\u00e7\u00e3o de necessidade permanente para o servi\u00e7o de carteiro) evidenciam os tr\u00eas elementos necess\u00e1rios para o reconhecimento do direito \u00e0 repara\u00e7\u00e3o por danos morais: a conduta culposa da empregadora, a les\u00e3o ao patrim\u00f4nio imaterial e o nexo causal entre ambos. &nbsp;\u201cO dano mostra-se presente a partir da constata\u00e7\u00e3o da conduta que atinge os direitos da personalidade\u201d, assinalou.<\/p>\n\n\n\n<p>Por unanimidade, a Turma deu provimento ao recurso e restabeleceu a senten\u00e7a.<\/p>\n\n\n\n<p>Fonte &#8211; (VC\/CF) Processo: RR-00001510-82.2016.5.10.0002<\/p>\n","protected":false},"excerpt":{"rendered":"<p>A Empresa Brasileira de Correios e Tel\u00e9grafos (ECT) foi condenada pela S\u00e9tima Turma do Tribunal Superior do Trabalho ao pagamento de R$ 5 mil a t\u00edtulo de indeniza\u00e7\u00e3o a um candidato aprovado para o cargo de carteiro que n\u00e3o foi nomeado, em raz\u00e3o da contrata\u00e7\u00e3o de terceirizados para a fun\u00e7\u00e3o. Segundo o colegiado, houve conduta [&hellip;]<\/p>\n","protected":false},"author":2,"featured_media":0,"comment_status":"closed","ping_status":"closed","sticky":false,"template":"","format":"standard","meta":{"_mi_skip_tracking":false,"footnotes":""},"categories":[9],"tags":[4],"class_list":["post-863","post","type-post","status-publish","format-standard","hentry","category-noticias","tag-trabalhista"],"jetpack_featured_media_url":"","jetpack-related-posts":[{"id":954,"url":"https:\/\/domingoseadvogados.com.br\/index.php\/2020\/10\/31\/mantida-responsabilidade-da-ect-em-acidente-que-vitimou-terceirizado\/","url_meta":{"origin":863,"position":0},"title":"Mantida responsabilidade da ECT em acidente que vitimou terceirizado","date":"outubro 31, 2020","format":false,"excerpt":"A Terceira Turma do TST rejeitou o recurso da Empresa Brasileira de Correios (ECT) contra a condena\u00e7\u00e3o, de forma subsidi\u00e1ria, ao pagamento de indeniza\u00e7\u00e3o \u00e0 esposa de um motorista terceirizado de Governador Valadares (MG) que morreu em acidente de trabalho. Segundo a Turma, a condena\u00e7\u00e3o do tomador de servi\u00e7os decorre\u2026","rel":"","context":"Em &quot;Not\u00edcias&quot;","img":{"alt_text":"","src":"https:\/\/i0.wp.com\/domingoseadvogados.com.br\/wp-content\/uploads\/2020\/04\/33.jpg?resize=350%2C200&ssl=1","width":350,"height":200},"classes":[]},{"id":1088,"url":"https:\/\/domingoseadvogados.com.br\/index.php\/2021\/06\/16\/empresa-e-condenada-por-nao-informar-a-candidato-a-alto-cargo-sua-nao-aprovacao-em-processo-seletivo\/","url_meta":{"origin":863,"position":1},"title":"Empresa \u00e9 condenada por n\u00e3o informar a candidato a alto cargo sua n\u00e3o aprova\u00e7\u00e3o em processo seletivo","date":"junho 16, 2021","format":false,"excerpt":"A Segunda Turma do Tribunal Superior do Trabalho condenou a (nome da empresa suprimido), com sede em S\u00e3o Paulo (SP), ao pagamento de indeniza\u00e7\u00e3o a um candidato de Curitiba (PR) que estava em fase avan\u00e7ada de negocia\u00e7\u00e3o para um alto cargo e n\u00e3o foi avisado da contrata\u00e7\u00e3o de outra pessoa.\u2026","rel":"","context":"Em &quot;Not\u00edcias&quot;","img":{"alt_text":"","src":"https:\/\/i0.wp.com\/domingoseadvogados.com.br\/wp-content\/uploads\/2020\/04\/33.jpg?resize=350%2C200&ssl=1","width":350,"height":200},"classes":[]},{"id":914,"url":"https:\/\/domingoseadvogados.com.br\/index.php\/2020\/07\/22\/empresa-pagara-salarios-a-empregado-considerado-inapto-apos-alta-previdenciaria\/","url_meta":{"origin":863,"position":2},"title":"Empresa pagar\u00e1 sal\u00e1rios a empregado considerado inapto ap\u00f3s alta previdenci\u00e1ria","date":"julho 22, 2020","format":false,"excerpt":"A Primeira Turma do Tribunal Superior do Trabalho rejeitou recurso da Geraldo Unimar Transportes Ltda., de Vit\u00f3ria (ES), contra decis\u00e3o que a condenou ao pagamento dos sal\u00e1rios de um motorista que, ap\u00f3s receber alta da Previd\u00eancia Social, foi considerado inapto para retornar a suas fun\u00e7\u00f5es e n\u00e3o foi reintegrado. Segundo\u2026","rel":"","context":"Em &quot;Not\u00edcias&quot;","img":{"alt_text":"","src":"https:\/\/i0.wp.com\/domingoseadvogados.com.br\/wp-content\/uploads\/2020\/04\/33.jpg?resize=350%2C200&ssl=1","width":350,"height":200},"classes":[]},{"id":1124,"url":"https:\/\/domingoseadvogados.com.br\/index.php\/2021\/10\/27\/viuva-e-filho-de-cobrador-morto-em-assalto-a-onibus-tem-direito-a-indenizacao\/","url_meta":{"origin":863,"position":3},"title":"Vi\u00fava e filho de cobrador morto em assalto a \u00f4nibus t\u00eam direito a indeniza\u00e7\u00e3o","date":"outubro 27, 2021","format":false,"excerpt":"A Terceira Turma do Tribunal Superior do Trabalho reconheceu a responsabilidade civil da Via\u00e7\u00e3o Atalia Ltda., de Nossa Senhora do Socorro (SE), e condenou-a ao pagamento de indeniza\u00e7\u00e3o \u00e0 vi\u00fava e ao filho de um empregado cobrador de \u00f4nibus que faleceu durante um assalto. Para o colegiado, a atividade implica\u2026","rel":"","context":"Em &quot;Not\u00edcias&quot;","img":{"alt_text":"","src":"https:\/\/i0.wp.com\/domingoseadvogados.com.br\/wp-content\/uploads\/2020\/04\/33.jpg?resize=350%2C200&ssl=1","width":350,"height":200},"classes":[]},{"id":928,"url":"https:\/\/domingoseadvogados.com.br\/index.php\/2020\/09\/01\/supermercado-vai-indenizar-empregado-que-ficou-isolado-e-sem-funcoes-para-cumprir\/","url_meta":{"origin":863,"position":4},"title":"Supermercado vai indenizar empregado que ficou isolado e sem fun\u00e7\u00f5es para cumprir","date":"setembro 1, 2020","format":false,"excerpt":"O Supermercado da Fam\u00edlia Ltda., de S\u00e3o Paulo, foi condenado pela Terceira Turma do Tribunal Superior do Trabalho ao pagamento de indeniza\u00e7\u00e3o a um empregado que foi isolado em um novo setor sem nenhuma fun\u00e7\u00e3o para realizar. Segundo a Turma, ele foi submetido a situa\u00e7\u00f5es que atentaram contra a sua\u2026","rel":"","context":"Em &quot;Not\u00edcias&quot;","img":{"alt_text":"","src":"https:\/\/i0.wp.com\/domingoseadvogados.com.br\/wp-content\/uploads\/2020\/04\/33.jpg?resize=350%2C200&ssl=1","width":350,"height":200},"classes":[]},{"id":867,"url":"https:\/\/domingoseadvogados.com.br\/index.php\/2020\/04\/24\/retencao-de-carteira-de-trabalho-pela-empresa-alem-do-prazo-normal-e-considerada-ilegal\/","url_meta":{"origin":863,"position":5},"title":"Reten\u00e7\u00e3o de carteira de trabalho pela empresa al\u00e9m do prazo normal \u00e9 considerada ilegal","date":"abril 24, 2020","format":false,"excerpt":"A Sexta Turma do Tribunal Superior do Trabalho decidiu, em julgamento por plen\u00e1rio virtual, que a Transbrasiliana Concession\u00e1ria de Rodovia S.A., de Lins (SP), dever\u00e1 pagar indeniza\u00e7\u00e3o de R$ 2 mil a um motorista que teve a carteira de trabalho retida al\u00e9m do prazo legal ap\u00f3s a rescis\u00e3o do contrato.\u2026","rel":"","context":"Em &quot;Not\u00edcias&quot;","img":{"alt_text":"","src":"","width":0,"height":0},"classes":[]}],"_links":{"self":[{"href":"https:\/\/domingoseadvogados.com.br\/index.php\/wp-json\/wp\/v2\/posts\/863"}],"collection":[{"href":"https:\/\/domingoseadvogados.com.br\/index.php\/wp-json\/wp\/v2\/posts"}],"about":[{"href":"https:\/\/domingoseadvogados.com.br\/index.php\/wp-json\/wp\/v2\/types\/post"}],"author":[{"embeddable":true,"href":"https:\/\/domingoseadvogados.com.br\/index.php\/wp-json\/wp\/v2\/users\/2"}],"replies":[{"embeddable":true,"href":"https:\/\/domingoseadvogados.com.br\/index.php\/wp-json\/wp\/v2\/comments?post=863"}],"version-history":[{"count":1,"href":"https:\/\/domingoseadvogados.com.br\/index.php\/wp-json\/wp\/v2\/posts\/863\/revisions"}],"predecessor-version":[{"id":864,"href":"https:\/\/domingoseadvogados.com.br\/index.php\/wp-json\/wp\/v2\/posts\/863\/revisions\/864"}],"wp:attachment":[{"href":"https:\/\/domingoseadvogados.com.br\/index.php\/wp-json\/wp\/v2\/media?parent=863"}],"wp:term":[{"taxonomy":"category","embeddable":true,"href":"https:\/\/domingoseadvogados.com.br\/index.php\/wp-json\/wp\/v2\/categories?post=863"},{"taxonomy":"post_tag","embeddable":true,"href":"https:\/\/domingoseadvogados.com.br\/index.php\/wp-json\/wp\/v2\/tags?post=863"}],"curies":[{"name":"wp","href":"https:\/\/api.w.org\/{rel}","templated":true}]}}