{"id":824,"date":"2020-03-30T09:52:00","date_gmt":"2020-03-30T12:52:00","guid":{"rendered":"http:\/\/domingoseadvogados.com.br\/?p=824"},"modified":"2020-03-23T17:54:01","modified_gmt":"2020-03-23T20:54:01","slug":"gestante-consegue-anular-pedido-de-demissao-e-obtem-direito-a-estabilidade-provisoria","status":"publish","type":"post","link":"https:\/\/domingoseadvogados.com.br\/index.php\/2020\/03\/30\/gestante-consegue-anular-pedido-de-demissao-e-obtem-direito-a-estabilidade-provisoria\/","title":{"rendered":"Gestante consegue anular pedido de demiss\u00e3o e obt\u00e9m direito \u00e0 estabilidade provis\u00f3ria"},"content":{"rendered":"\n<p>A Segunda Turma do Tribunal Superior do \nTrabalho reconheceu o direito de uma promotora de vendas da Empad\u00e3o \nGoiano e Congelados Ltda. \u00e0 estabilidade provis\u00f3ria da gestante. Ela \nteve a gravidez confirmada somente ap\u00f3s pedir o desligamento da \nempresa.&nbsp;<\/p>\n\n\n\n<p><strong>Demiss\u00e3o<\/strong><\/p>\n\n\n\n<p>Na\n reclama\u00e7\u00e3o trabalhista, a empregada, contratada em outubro de 2017, \nafirmou que, em raz\u00e3o dos constantes desentendimentos entre ela e o \ngerente do supermercado em que atuava, solicitou \u00e0 chefia a \ntransfer\u00eancia imediata para outro local de trabalho. O pedido foi \nnegado, e ela foi informada que, se quisesse sair, teria de pedir \ndemiss\u00e3o, o que fez em janeiro de 2018.<\/p>\n\n\n\n<p>Quatro\n meses depois, a promotora obteve a confirma\u00e7\u00e3o da gravidez de 17 \nsemanas e ajuizou a a\u00e7\u00e3o para pedir a nulidade do pedido de demiss\u00e3o e o\n reconhecimento do direito \u00e0 estabilidade provis\u00f3ria, mediante a \nreintegra\u00e7\u00e3o ao emprego ou o pagamento da indeniza\u00e7\u00e3o substitutiva.<\/p>\n\n\n\n<p><strong>D\u00favida<\/strong><\/p>\n\n\n\n<p>O\n Tribunal Regional do Trabalho da 18\u00aa Regi\u00e3o (GO) manteve a \nimproced\u00eancia da pretens\u00e3o, por entender que a concep\u00e7\u00e3o poderia n\u00e3o ter\n ocorrido antes do pedido de demiss\u00e3o. Ainda de acordo com o TRT, a \nextin\u00e7\u00e3o da rela\u00e7\u00e3o de emprego se deu por livre iniciativa da empregada \ne, por isso, n\u00e3o garantia o direito ao per\u00edodo estabilit\u00e1rio.<\/p>\n\n\n\n<p><strong>Garantia constitucional<\/strong><\/p>\n\n\n\n<p>A\n relatora do recurso de revista, ministra Dela\u00edde Miranda Arantes, \ndestacou que, mesmo havendo d\u00favida sobre o in\u00edcio da gravidez, a \njurisprud\u00eancia do TST prioriza a garantia constitucional da estabilidade\n provis\u00f3ria, de modo a proteger o beb\u00ea (nascituro).<\/p>\n\n\n\n<p>Ela\n explicou que, apesar de a rescis\u00e3o contratual ter ocorrido por livre \nvontade da empregada, o TST tem decidido que o momento do conhecimento \nda gravidez pelo empregador ou pela pr\u00f3pria gestante n\u00e3o retira dela o \ndireito \u00e0 estabilidade.<\/p>\n\n\n\n<p>A decis\u00e3o foi un\u00e2nime.<\/p>\n\n\n\n<p>Fonte &#8211; (AM\/CF) &#8211; TST &#8211; Processo: RR-10991-34.2018.5.18.0016<\/p>\n","protected":false},"excerpt":{"rendered":"<p>A Segunda Turma do Tribunal Superior do Trabalho reconheceu o direito de uma promotora de vendas da Empad\u00e3o Goiano e Congelados Ltda. \u00e0 estabilidade provis\u00f3ria da gestante. Ela teve a gravidez confirmada somente ap\u00f3s pedir o desligamento da empresa.&nbsp; Demiss\u00e3o Na reclama\u00e7\u00e3o trabalhista, a empregada, contratada em outubro de 2017, afirmou que, em raz\u00e3o dos [&hellip;]<\/p>\n","protected":false},"author":2,"featured_media":439,"comment_status":"closed","ping_status":"closed","sticky":false,"template":"","format":"standard","meta":{"_mi_skip_tracking":false,"footnotes":""},"categories":[9],"tags":[4],"class_list":["post-824","post","type-post","status-publish","format-standard","has-post-thumbnail","hentry","category-noticias","tag-trabalhista"],"jetpack_featured_media_url":"https:\/\/domingoseadvogados.com.br\/wp-content\/uploads\/2018\/10\/procedimentos-justi\u00e7a-do-trabalho-1.jpg","jetpack-related-posts":[{"id":655,"url":"https:\/\/domingoseadvogados.com.br\/index.php\/2019\/05\/17\/gestante-consegue-anular-demissao-e-recebera-verbas-do-periodo-de-estabilidade\/","url_meta":{"origin":824,"position":0},"title":"Gestante consegue anular demiss\u00e3o e receber\u00e1 verbas do per\u00edodo de estabilidade","date":"maio 17, 2019","format":false,"excerpt":"O Tribunal Superior do Trabalho reafirmou sua jurisprud\u00eancia de que o momento do conhecimento da gravidez pelo empregador, ou mesmo pela gestante, n\u00e3o retira da empregada o direito \u00e0 estabilidade provis\u00f3ria. O tema foi abordado pela Primeira Turma no julgamento do recurso de revista de uma auxiliar de servi\u00e7os gerais\u2026","rel":"","context":"Em &quot;Not\u00edcias&quot;","img":{"alt_text":"","src":"","width":0,"height":0},"classes":[]},{"id":992,"url":"https:\/\/domingoseadvogados.com.br\/index.php\/2020\/12\/11\/vendedora-que-pediu-demissao-por-whatsapp-sem-saber-de-gravidez-nao-tem-direito-a-estabilidade\/","url_meta":{"origin":824,"position":1},"title":"Vendedora que pediu demiss\u00e3o por WhatsApp sem saber de gravidez n\u00e3o tem direito \u00e0 estabilidade","date":"dezembro 11, 2020","format":false,"excerpt":"A Quinta Turma do Tribunal Superior do Trabalho manteve o indeferimento do reconhecimento do direito \u00e0 estabilidade por gravidez de uma vendedora da Maricota La\u00e7os e Flores Ltda., loja de roupas e acess\u00f3rios infantis de Uberaba (MG), registrada com o nome de CS \u2013 Confec\u00e7\u00f5es e Com\u00e9rcio Ltda. A trabalhadora,\u2026","rel":"","context":"Em &quot;Not\u00edcias&quot;","img":{"alt_text":"","src":"https:\/\/i0.wp.com\/domingoseadvogados.com.br\/wp-content\/uploads\/2020\/04\/33.jpg?resize=350%2C200&ssl=1","width":350,"height":200},"classes":[]},{"id":782,"url":"https:\/\/domingoseadvogados.com.br\/index.php\/2019\/12\/10\/recusa-de-retorno-ao-trabalho-nao-afasta-direito-de-gestante-a-estabilidade\/","url_meta":{"origin":824,"position":2},"title":"Recusa de retorno ao trabalho n\u00e3o afasta direito de gestante \u00e0 estabilidade","date":"dezembro 10, 2019","format":false,"excerpt":"A Segunda Turma do Tribunal Superior do Trabalho reconheceu o direito de uma promotora de vendas da Dass Nordeste Cal\u00e7ados e Artigos Esportivos, de S\u00e3o Paulo (SP), \u00e0 indeniza\u00e7\u00e3o correspondente ao per\u00edodo de estabilidade da gestante. Embora a empresa sustentasse que ela havia recusado a oferta de reintegra\u00e7\u00e3o ao emprego,\u2026","rel":"","context":"Em &quot;Not\u00edcias&quot;","img":{"alt_text":"","src":"https:\/\/i0.wp.com\/domingoseadvogados.com.br\/wp-content\/uploads\/2018\/10\/direito-trabalhista1-500x281.jpg?resize=350%2C200&ssl=1","width":350,"height":200},"classes":[]},{"id":699,"url":"https:\/\/domingoseadvogados.com.br\/index.php\/2019\/07\/23\/auxiliar-de-limpeza-obtem-estabilidade-da-gestante-mesmo-em-parto-de-natimorto\/","url_meta":{"origin":824,"position":3},"title":"Auxiliar de limpeza obt\u00e9m estabilidade da gestante mesmo em parto de natimorto","date":"julho 23, 2019","format":false,"excerpt":"Uma auxiliar de limpeza do The Hostel Paulista Ltda. conseguiu ter direito \u00e0 estabilidade assegurada \u00e0 gestante mesmo com a perda da crian\u00e7a no segundo m\u00eas de gravidez. A empresa argumentou que a estabilidade s\u00f3 caberia em caso de nascimento com vida, mas a Segunda Turma do Tribunal Superior do\u2026","rel":"","context":"Em &quot;Not\u00edcias&quot;","img":{"alt_text":"","src":"https:\/\/i0.wp.com\/domingoseadvogados.com.br\/wp-content\/uploads\/2018\/10\/rsz_justi\u00e7a.jpg?resize=350%2C200&ssl=1","width":350,"height":200},"classes":[]},{"id":1078,"url":"https:\/\/domingoseadvogados.com.br\/index.php\/2021\/05\/28\/recusa-de-retorno-ao-emprego-nao-afasta-direito-de-gestante-a-indenizacao-estabilitaria\/","url_meta":{"origin":824,"position":4},"title":"Recusa de retorno ao emprego n\u00e3o afasta direito de gestante \u00e0 indeniza\u00e7\u00e3o estabilit\u00e1ria","date":"maio 28, 2021","format":false,"excerpt":"A S\u00e9tima Turma do Tribunal Superior do Trabalho reconheceu o direito de uma auxiliar de produ\u00e7\u00e3o da Minerva S.A., de\u00a0Palmeiras de Goi\u00e1s (GO), \u00e0 indeniza\u00e7\u00e3o referente ao per\u00edodo de estabilidade da gestante. Embora a empresa sustentasse que a empregada havia recusado a oferta de reintegra\u00e7\u00e3o, a Turma seguiu o entendimento\u2026","rel":"","context":"Em &quot;Not\u00edcias&quot;","img":{"alt_text":"","src":"https:\/\/i0.wp.com\/domingoseadvogados.com.br\/wp-content\/uploads\/2020\/04\/33.jpg?resize=350%2C200&ssl=1","width":350,"height":200},"classes":[]},{"id":877,"url":"https:\/\/domingoseadvogados.com.br\/index.php\/2020\/05\/25\/gestante-admitida-por-contrato-de-experiencia-consegue-direito-a-estabilidade-provisoria\/","url_meta":{"origin":824,"position":5},"title":"Gestante admitida por contrato de experi\u00eancia consegue direito \u00e0 estabilidade provis\u00f3ria","date":"maio 25, 2020","format":false,"excerpt":"A S\u00e9tima Turma do Tribunal Superior do Trabalho reconheceu o direito \u00e0 estabilidade provis\u00f3ria de uma atendente da FTC Com\u00e9rcio de Alimentos Ltda., de Mau\u00e1 (SP), demitida durante o contrato de experi\u00eancia quando estava gr\u00e1vida. Segundo a Turma, a estabilidade \u00e9 perfeitamente aplic\u00e1vel ao contrato por prazo determinado, porque n\u00e3o\u2026","rel":"","context":"Em &quot;Not\u00edcias&quot;","img":{"alt_text":"","src":"https:\/\/i0.wp.com\/domingoseadvogados.com.br\/wp-content\/uploads\/2020\/04\/33.jpg?resize=350%2C200&ssl=1","width":350,"height":200},"classes":[]}],"_links":{"self":[{"href":"https:\/\/domingoseadvogados.com.br\/index.php\/wp-json\/wp\/v2\/posts\/824"}],"collection":[{"href":"https:\/\/domingoseadvogados.com.br\/index.php\/wp-json\/wp\/v2\/posts"}],"about":[{"href":"https:\/\/domingoseadvogados.com.br\/index.php\/wp-json\/wp\/v2\/types\/post"}],"author":[{"embeddable":true,"href":"https:\/\/domingoseadvogados.com.br\/index.php\/wp-json\/wp\/v2\/users\/2"}],"replies":[{"embeddable":true,"href":"https:\/\/domingoseadvogados.com.br\/index.php\/wp-json\/wp\/v2\/comments?post=824"}],"version-history":[{"count":1,"href":"https:\/\/domingoseadvogados.com.br\/index.php\/wp-json\/wp\/v2\/posts\/824\/revisions"}],"predecessor-version":[{"id":825,"href":"https:\/\/domingoseadvogados.com.br\/index.php\/wp-json\/wp\/v2\/posts\/824\/revisions\/825"}],"wp:featuredmedia":[{"embeddable":true,"href":"https:\/\/domingoseadvogados.com.br\/index.php\/wp-json\/wp\/v2\/media\/439"}],"wp:attachment":[{"href":"https:\/\/domingoseadvogados.com.br\/index.php\/wp-json\/wp\/v2\/media?parent=824"}],"wp:term":[{"taxonomy":"category","embeddable":true,"href":"https:\/\/domingoseadvogados.com.br\/index.php\/wp-json\/wp\/v2\/categories?post=824"},{"taxonomy":"post_tag","embeddable":true,"href":"https:\/\/domingoseadvogados.com.br\/index.php\/wp-json\/wp\/v2\/tags?post=824"}],"curies":[{"name":"wp","href":"https:\/\/api.w.org\/{rel}","templated":true}]}}