{"id":820,"date":"2020-03-27T17:38:00","date_gmt":"2020-03-27T20:38:00","guid":{"rendered":"http:\/\/domingoseadvogados.com.br\/?p=820"},"modified":"2020-03-23T17:45:43","modified_gmt":"2020-03-23T20:45:43","slug":"banco-vai-indenizar-gerente-que-sofreu-sequestro-dentro-de-casa","status":"publish","type":"post","link":"https:\/\/domingoseadvogados.com.br\/index.php\/2020\/03\/27\/banco-vai-indenizar-gerente-que-sofreu-sequestro-dentro-de-casa\/","title":{"rendered":"Banco vai indenizar gerente que sofreu sequestro dentro de casa"},"content":{"rendered":"\n<p>O Banco Bradesco S.A. dever\u00e1 pagar \nindeniza\u00e7\u00e3o a um gerente administrativo que, ao chegar em casa, em Po\u00e7o \nRedondo (SE), foi sequestrado. No exame de recurso de revista do \nbanc\u00e1rio, a Segunda Turma do Tribunal Superior do Trabalho reconheceu a \nresponsabilidade objetiva do banco pelo ocorrido.<\/p>\n\n\n\n<p><strong>Sequestro<\/strong><\/p>\n\n\n\n<p>O\n empregado relatou que, em agosto de 2013, ao entrar em casa, foi \nrendido pelos bandidos e, junto com a esposa e a filha, feito ref\u00e9m sob a\n mira de rev\u00f3lveres e amea\u00e7as verbais durante toda a madrugada. No dia \nseguinte, os sequestradores levaram os familiares do banc\u00e1rio para outro\n local para garantir que ele e a gerente-geral da ag\u00eancia iriam obedecer\n \u00e0s instru\u00e7\u00f5es para efetuar a retirada do dinheiro do cofre do banco. \nCom a entrega do dinheiro, o empregado e os familiares foram abandonados\n numa rodovia no munic\u00edpio vizinho.<\/p>\n\n\n\n<p>Ap\u00f3s\n o epis\u00f3dio, o banc\u00e1rio foi diagnosticado com estresse p\u00f3s-traum\u00e1tico e \ndepress\u00e3o e teve de se afastar do trabalho por 14 dias. Terminado o \nper\u00edodo do atestado, voltou a trabalhar normalmente, mas foi demitido \nseis meses depois.<\/p>\n\n\n\n<p><strong>Danos morais<\/strong><\/p>\n\n\n\n<p>Na\n reclama\u00e7\u00e3o trabalhista, o gerente pediu indeniza\u00e7\u00e3o pelos danos \npsicol\u00f3gicos e morais sofridos. Em sua defesa, o banco sustentou que a \na\u00e7\u00e3o dos bandidos n\u00e3o havia ocorrido no interior da ag\u00eancia e n\u00e3o tinha \nrela\u00e7\u00e3o com o fato de o empregado estar portando dinheiro fora da \nag\u00eancia por ordem da chefia imediata.<\/p>\n\n\n\n<p><strong>Tutela do Estado<\/strong><\/p>\n\n\n\n<p>O\n ju\u00edzo de primeiro grau concedeu indeniza\u00e7\u00e3o no valor de R$ 800 mil, mas\n o Tribunal Regional do Trabalho da 20\u00aa Regi\u00e3o (SE), ao apreciar recurso\n do banco, julgou improcedente o pedido e reformou&nbsp; a senten\u00e7a.<\/p>\n\n\n\n<p>Para\n o TRT, apesar do inevit\u00e1vel abalo emocional sofrido pelo empregado, a \nculpa do banco n\u00e3o foi comprovada, pois o sequestro ocorreu ap\u00f3s o fim \ndo expediente, quando ele voltava para casa e, portanto, estava sob a \ntutela do Estado, respons\u00e1vel pela seguran\u00e7a p\u00fablica.<\/p>\n\n\n\n<p><strong>Atividade de risco<\/strong><\/p>\n\n\n\n<p>O\n relator do recurso de revista, ministro Jos\u00e9 Roberto Pimenta, assinalou\n que a jurisprud\u00eancia do TST vem adotando o entendimento de que a \natividade banc\u00e1ria se enquadra perfeitamente como atividade de risco, de\n forma a atrair a aplica\u00e7\u00e3o da responsabilidade objetiva da institui\u00e7\u00e3o \nbanc\u00e1ria. \u201cO sequestro ocorreu em raz\u00e3o da fun\u00e7\u00e3o exercida pelo gerente,\n que permitia acesso a valores depositados no cofre da ag\u00eancia, criando \numa situa\u00e7\u00e3o de risco\u201d, afirmou.<\/p>\n\n\n\n<p>Ainda\n de acordo com o ministro, embora a aus\u00eancia de seguran\u00e7a p\u00fablica \nresulte em risco para o exerc\u00edcio de qualquer profiss\u00e3o, \u00e9 ineg\u00e1vel que \nos profissionais que desenvolvem atividades banc\u00e1rias est\u00e3o mais \nexpostos a assaltos e sequestros.<\/p>\n\n\n\n<p><strong>Responsabilidade objetiva<\/strong><\/p>\n\n\n\n<p>Por\n unanimidade, a Turma reconheceu a responsabilidade objetiva do Bradesco\n e determinou o retorno dos autos ao TRT para a an\u00e1lise do valor da \nindeniza\u00e7\u00e3o por danos morais.<\/p>\n\n\n\n<p>Fonte &#8211; (AM\/CF) &#8211; Processo: RR-523-59.2015.5.20.0016<\/p>\n","protected":false},"excerpt":{"rendered":"<p>O Banco Bradesco S.A. dever\u00e1 pagar indeniza\u00e7\u00e3o a um gerente administrativo que, ao chegar em casa, em Po\u00e7o Redondo (SE), foi sequestrado. No exame de recurso de revista do banc\u00e1rio, a Segunda Turma do Tribunal Superior do Trabalho reconheceu a responsabilidade objetiva do banco pelo ocorrido. Sequestro O empregado relatou que, em agosto de 2013, [&hellip;]<\/p>\n","protected":false},"author":2,"featured_media":439,"comment_status":"closed","ping_status":"closed","sticky":false,"template":"","format":"standard","meta":{"_mi_skip_tracking":false,"footnotes":""},"categories":[9],"tags":[4],"class_list":["post-820","post","type-post","status-publish","format-standard","has-post-thumbnail","hentry","category-noticias","tag-trabalhista"],"jetpack_featured_media_url":"https:\/\/domingoseadvogados.com.br\/wp-content\/uploads\/2018\/10\/procedimentos-justi\u00e7a-do-trabalho-1.jpg","jetpack-related-posts":[{"id":880,"url":"https:\/\/domingoseadvogados.com.br\/index.php\/2020\/05\/26\/reducao-do-percentual-das-comissoes-de-bancario-e-considerada-ilicita\/","url_meta":{"origin":820,"position":0},"title":"Redu\u00e7\u00e3o do percentual das comiss\u00f5es de banc\u00e1rio \u00e9 considerada il\u00edcita","date":"maio 26, 2020","format":false,"excerpt":"A Quarta Turma do Tribunal Superior do Trabalho manteve a condena\u00e7\u00e3o imposta ao Ita\u00fa Seguros de Auto e Resid\u00eancia S.A. de pagamento de diferen\u00e7as de comiss\u00f5es a um banc\u00e1rio decorrentes da diminui\u00e7\u00e3o do percentual de comiss\u00e3o. O banco justificou a redu\u00e7\u00e3o com a inclus\u00e3o de novos produtos na carteira de\u2026","rel":"","context":"Em &quot;Not\u00edcias&quot;","img":{"alt_text":"","src":"https:\/\/i0.wp.com\/domingoseadvogados.com.br\/wp-content\/uploads\/2020\/04\/33.jpg?resize=350%2C200&ssl=1","width":350,"height":200},"classes":[]},{"id":846,"url":"https:\/\/domingoseadvogados.com.br\/index.php\/2020\/04\/01\/concedida-indenizacao-a-bancario-que-transportava-malotes-entre-agencia-e-bancos-postais\/","url_meta":{"origin":820,"position":1},"title":"Concedida  indeniza\u00e7\u00e3o a banc\u00e1rio que transportava malotes entre ag\u00eancia e bancos postais","date":"abril 1, 2020","format":false,"excerpt":"A S\u00e9tima Turma do Tribunal Superior do Trabalho condenou o Banco Bradesco S. A. a pagar indeniza\u00e7\u00e3o a um banc\u00e1rio que fazia o transporte de malotes entre ag\u00eancias e bancos postais. Mesmo considerando que ele n\u00e3o era obrigado a desempenhar essa tarefa, a Turma do TST entendeu que a indiferen\u00e7a\u2026","rel":"","context":"Em &quot;Not\u00edcias&quot;","img":{"alt_text":"","src":"","width":0,"height":0},"classes":[]},{"id":941,"url":"https:\/\/domingoseadvogados.com.br\/index.php\/2020\/09\/26\/gerente-geral-de-agencia-bancaria-nao-tem-direito-a-receber-horas-extras\/","url_meta":{"origin":820,"position":2},"title":"Gerente-geral de ag\u00eancia banc\u00e1ria n\u00e3o tem direito a receber horas extras","date":"setembro 26, 2020","format":false,"excerpt":"A Quarta Turma do Tribunal Superior do Trabalho excluiu da\u00a0condena\u00e7\u00e3o imposta \u00e0 Caixa Econ\u00f4mica Federal o pagamento de horas extras \u00e0 gerente-geral de uma ag\u00eancia em Mato Grosso que alegava ter direito \u00e0 parcela pelo trabalho realizado al\u00e9m da jornada estabelecida. Os ministros afirmaram que, no entendimento do TST, o\u2026","rel":"","context":"Em &quot;Not\u00edcias&quot;","img":{"alt_text":"","src":"https:\/\/i0.wp.com\/domingoseadvogados.com.br\/wp-content\/uploads\/2020\/04\/33.jpg?resize=350%2C200&ssl=1","width":350,"height":200},"classes":[]},{"id":1090,"url":"https:\/\/domingoseadvogados.com.br\/index.php\/2021\/06\/17\/mantida-reintegracao-de-bancario-dispensado-pouco-antes-de-cirurgia\/","url_meta":{"origin":820,"position":3},"title":"Mantida reintegra\u00e7\u00e3o de banc\u00e1rio dispensado pouco antes de cirurgia","date":"junho 17, 2021","format":false,"excerpt":"A Subse\u00e7\u00e3o II Especializada em Diss\u00eddios Individuais (SDI-2) do Tribunal Superior do Trabalho rejeitou recurso do Banco Bradesco S. A. contra decis\u00e3o que determinou a reintegra\u00e7\u00e3o imediata de um banc\u00e1rio de S\u00e3o Paulo (SP) dispensado quando estava afastado de suas fun\u00e7\u00f5es e com cirurgia marcada em raz\u00e3o de doen\u00e7a profissional.\u2026","rel":"","context":"Em &quot;Not\u00edcias&quot;","img":{"alt_text":"","src":"https:\/\/i0.wp.com\/domingoseadvogados.com.br\/wp-content\/uploads\/2020\/04\/33.jpg?resize=350%2C200&ssl=1","width":350,"height":200},"classes":[]},{"id":818,"url":"https:\/\/domingoseadvogados.com.br\/index.php\/2020\/03\/26\/declaracao-pessoal-de-pobreza-e-suficiente-para-garantir-justica-gratuita-a-bancario\/","url_meta":{"origin":820,"position":4},"title":"Declara\u00e7\u00e3o pessoal de pobreza \u00e9 suficiente para garantir justi\u00e7a gratuita a banc\u00e1rio","date":"mar\u00e7o 26, 2020","format":false,"excerpt":"A Segunda Turma do Tribunal Superior do Trabalho confirmou o direito de um banc\u00e1rio do Banco do Brasil S. A. ao beneficio da assist\u00eancia judici\u00e1ria gratuita em a\u00e7\u00e3o ajuizada na vig\u00eancia da Reforma Trabalhista (Lei 13.467\/2017). Para o colegiado, a declara\u00e7\u00e3o do empregado de que n\u00e3o teria condi\u00e7\u00f5es financeiras de\u2026","rel":"","context":"Em &quot;Not\u00edcias&quot;","img":{"alt_text":"","src":"https:\/\/i0.wp.com\/domingoseadvogados.com.br\/wp-content\/uploads\/2018\/10\/procedimentos-justi\u00e7a-do-trabalho-1.jpg?resize=350%2C200&ssl=1","width":350,"height":200},"classes":[]},{"id":928,"url":"https:\/\/domingoseadvogados.com.br\/index.php\/2020\/09\/01\/supermercado-vai-indenizar-empregado-que-ficou-isolado-e-sem-funcoes-para-cumprir\/","url_meta":{"origin":820,"position":5},"title":"Supermercado vai indenizar empregado que ficou isolado e sem fun\u00e7\u00f5es para cumprir","date":"setembro 1, 2020","format":false,"excerpt":"O Supermercado da Fam\u00edlia Ltda., de S\u00e3o Paulo, foi condenado pela Terceira Turma do Tribunal Superior do Trabalho ao pagamento de indeniza\u00e7\u00e3o a um empregado que foi isolado em um novo setor sem nenhuma fun\u00e7\u00e3o para realizar. Segundo a Turma, ele foi submetido a situa\u00e7\u00f5es que atentaram contra a sua\u2026","rel":"","context":"Em &quot;Not\u00edcias&quot;","img":{"alt_text":"","src":"https:\/\/i0.wp.com\/domingoseadvogados.com.br\/wp-content\/uploads\/2020\/04\/33.jpg?resize=350%2C200&ssl=1","width":350,"height":200},"classes":[]}],"_links":{"self":[{"href":"https:\/\/domingoseadvogados.com.br\/index.php\/wp-json\/wp\/v2\/posts\/820"}],"collection":[{"href":"https:\/\/domingoseadvogados.com.br\/index.php\/wp-json\/wp\/v2\/posts"}],"about":[{"href":"https:\/\/domingoseadvogados.com.br\/index.php\/wp-json\/wp\/v2\/types\/post"}],"author":[{"embeddable":true,"href":"https:\/\/domingoseadvogados.com.br\/index.php\/wp-json\/wp\/v2\/users\/2"}],"replies":[{"embeddable":true,"href":"https:\/\/domingoseadvogados.com.br\/index.php\/wp-json\/wp\/v2\/comments?post=820"}],"version-history":[{"count":1,"href":"https:\/\/domingoseadvogados.com.br\/index.php\/wp-json\/wp\/v2\/posts\/820\/revisions"}],"predecessor-version":[{"id":821,"href":"https:\/\/domingoseadvogados.com.br\/index.php\/wp-json\/wp\/v2\/posts\/820\/revisions\/821"}],"wp:featuredmedia":[{"embeddable":true,"href":"https:\/\/domingoseadvogados.com.br\/index.php\/wp-json\/wp\/v2\/media\/439"}],"wp:attachment":[{"href":"https:\/\/domingoseadvogados.com.br\/index.php\/wp-json\/wp\/v2\/media?parent=820"}],"wp:term":[{"taxonomy":"category","embeddable":true,"href":"https:\/\/domingoseadvogados.com.br\/index.php\/wp-json\/wp\/v2\/categories?post=820"},{"taxonomy":"post_tag","embeddable":true,"href":"https:\/\/domingoseadvogados.com.br\/index.php\/wp-json\/wp\/v2\/tags?post=820"}],"curies":[{"name":"wp","href":"https:\/\/api.w.org\/{rel}","templated":true}]}}