{"id":687,"date":"2019-05-24T09:24:13","date_gmt":"2019-05-24T12:24:13","guid":{"rendered":"http:\/\/domingoseadvogados.com.br\/?p=687"},"modified":"2019-05-24T09:24:19","modified_gmt":"2019-05-24T12:24:19","slug":"exclusao-do-icms-da-base-de-calculo-do-pis-cofins","status":"publish","type":"post","link":"https:\/\/domingoseadvogados.com.br\/index.php\/2019\/05\/24\/exclusao-do-icms-da-base-de-calculo-do-pis-cofins\/","title":{"rendered":"Exclus\u00e3o do ICMS da Base de C\u00e1lculo do PIS\/COFINS"},"content":{"rendered":"\n<p><em>A sigla<\/em> vem a significar <em>IMPOSTO SOBRE CIRCULA\u00c7\u00c3O DE MERCADORIAS<\/em> e <em>SERVI\u00c7OS<\/em>, sendo base do faturamento dos Estados e do Distrito Federal, incide sobre produtos de diferentes tipos, desde eletrodom\u00e9sticos a balas, \u00e9 aplicado na <strong>comercializa\u00e7\u00e3o dentro e fora do pa\u00eds<\/strong>, sendo cobrado de forma <strong>indireta<\/strong>, j\u00e1 que seu valor \u00e9 adicionado ao pre\u00e7o do produto comercializado ou ao do servi\u00e7o prestado. A al\u00edquota \u00e9 diferenciada entre os entes.<\/p>\n\n\n\n<p>Em algumas opera\u00e7\u00f5es este imposto \u00e9 inclu\u00eddo com a base de\nc\u00e1lculo de outros impostos, como \u00e9 o caso do PIS\/COFINS.<\/p>\n\n\n\n<p>Quanto a este assunto, <strong>o\nSupremo Tribunal Federal julgou de forma definitiva<\/strong>, no processo RE 574.706\/PR (Tema 69) que: <em>\u201c<strong>O ICMS n\u00e3o comp\u00f5e a base de c\u00e1lculo para a\nincid\u00eancia do PIS e da COFINS<\/strong>\u201d<\/em>. \n\nDecorre da\u00ed, que o contribuinte deve propor\ndemanda judicial para ter um direito reconhecido, qual seja, a exclus\u00e3o do ICMS\nda base de c\u00e1lculo do PIS\/COFINS, e tamb\u00e9m para compensar e\/ou ter a restitui\u00e7\u00e3o\ndos valores recolhidos indevidamente nos \u00faltimos 05 (cinco) anos\n\n\n\n<\/p>\n","protected":false},"excerpt":{"rendered":"<p>A sigla vem a significar IMPOSTO SOBRE CIRCULA\u00c7\u00c3O DE MERCADORIAS e SERVI\u00c7OS, sendo base do faturamento dos Estados e do Distrito Federal, incide sobre produtos de diferentes tipos, desde eletrodom\u00e9sticos a balas, \u00e9 aplicado na comercializa\u00e7\u00e3o dentro e fora do pa\u00eds, sendo cobrado de forma indireta, j\u00e1 que seu valor \u00e9 adicionado ao pre\u00e7o do [&hellip;]<\/p>\n","protected":false},"author":2,"featured_media":476,"comment_status":"closed","ping_status":"closed","sticky":false,"template":"","format":"standard","meta":{"_mi_skip_tracking":false,"footnotes":""},"categories":[9],"tags":[5],"class_list":["post-687","post","type-post","status-publish","format-standard","has-post-thumbnail","hentry","category-noticias","tag-tributario"],"jetpack_featured_media_url":"https:\/\/domingoseadvogados.com.br\/wp-content\/uploads\/2018\/10\/images-12.jpg","jetpack-related-posts":[{"id":689,"url":"https:\/\/domingoseadvogados.com.br\/index.php\/2019\/05\/24\/exclusao-do-iss-da-base-de-calculo-do-pis-cofins\/","url_meta":{"origin":687,"position":0},"title":"Exclus\u00e3o do ISS da Base de C\u00e1lculo do PIS\/COFINS","date":"maio 24, 2019","format":false,"excerpt":"Trata-se de Imposto Sobre Servi\u00e7os (ISS), cobrado pelos munic\u00edpios e pelo Distrito Federal, cuja incid\u00eancia ocorre sobre uma presta\u00e7\u00e3o de servi\u00e7os. Suas regras gerais s\u00e3o previstas na Lei Complementar 116\/2003 e na Lei 11.438\/1997, e suas al\u00edquotas variam em cada um dos entes. A base do c\u00e1lculo do ISS \u00e9\u2026","rel":"","context":"Em &quot;Not\u00edcias&quot;","img":{"alt_text":"","src":"https:\/\/i0.wp.com\/domingoseadvogados.com.br\/wp-content\/uploads\/2018\/10\/shutterstock_108943724-1000x675.jpg?resize=350%2C200&ssl=1","width":350,"height":200},"classes":[]},{"id":741,"url":"https:\/\/domingoseadvogados.com.br\/index.php\/2019\/09\/20\/isencao-de-imposto-em-inventario-itcmd-sp\/","url_meta":{"origin":687,"position":1},"title":"ISEN\u00c7\u00c3O DE IMPOSTO EM INVENT\u00c1RIO (ITCMD- SP)","date":"setembro 20, 2019","format":false,"excerpt":"(...) a controv\u00e9rsia no valor a ser considerado para fins de verifica\u00e7\u00e3o do direito \u00e0 isen\u00e7\u00e3o do imposto de transmiss\u00e3o causa mortis e doa\u00e7\u00f5es (ITCMD), previsto no art. 6\u00ba, I, a, da Lei Estadual n. 10.705\/00, que assim disp\u00f5e: Artigo 6\u00ba - Fica isenta do imposto:I - a transmiss\u00e3o \u201ccausa\u2026","rel":"","context":"Em &quot;Not\u00edcias&quot;","img":{"alt_text":"","src":"https:\/\/i0.wp.com\/domingoseadvogados.com.br\/wp-content\/uploads\/2018\/10\/procedimentos-justi\u00e7a-do-trabalho-1.jpg?resize=350%2C200&ssl=1","width":350,"height":200},"classes":[]},{"id":245,"url":"https:\/\/domingoseadvogados.com.br\/index.php\/2018\/01\/23\/revisao-de-beneficios-inss-buraco-negro\/","url_meta":{"origin":687,"position":2},"title":"Revis\u00e3o de Benef\u00edcios INSS &#8211; Buraco Negro","date":"janeiro 23, 2018","format":false,"excerpt":"Revis\u00e3o de Benef\u00edcios INSS - Buraco Negro Acreditamos que voc\u00ea j\u00e1 tenha ouvido falar sobre \u201cBURACO NEGRO\u201d nos casos de benef\u00edcios concedidos pelo INSS. A Constitui\u00e7\u00e3o Federal determinou a organiza\u00e7\u00e3o do sistema previdenci\u00e1rio na forma de regime geral, e isto somente ocorreu com a Lei 8.213\/91. Nesta lei foi determinado\u2026","rel":"","context":"Em &quot;Not\u00edcias&quot;","img":{"alt_text":"","src":"","width":0,"height":0},"classes":[]},{"id":660,"url":"https:\/\/domingoseadvogados.com.br\/index.php\/2019\/05\/18\/professora-de-ingles-recebera-diferencas-com-base-em-distincao-entre-horas-de-trabalho-e-horas-aula\/","url_meta":{"origin":687,"position":3},"title":"Professora de ingl\u00eas receber\u00e1 diferen\u00e7as com base em distin\u00e7\u00e3o entre horas de trabalho e horas-aula","date":"maio 18, 2019","format":false,"excerpt":"A Subse\u00e7\u00e3o I Especializada em Diss\u00eddios Individuais (SDI-1) do Tribunal Superior do Trabalho, por maioria de votos, condenou a Funda\u00e7\u00e3o (...) a pagar a uma professora de ingl\u00eas, como horas extraordin\u00e1rias, o tempo de trabalho prestado al\u00e9m de quatro aulas consecutivas ou seis intercaladas, limite previsto na reda\u00e7\u00e3o ent\u00e3o vigente\u2026","rel":"","context":"Em &quot;Not\u00edcias&quot;","img":{"alt_text":"","src":"https:\/\/i0.wp.com\/domingoseadvogados.com.br\/wp-content\/uploads\/2018\/10\/direito-trabalhista1-500x281.jpg?resize=350%2C200&ssl=1","width":350,"height":200},"classes":[]},{"id":247,"url":"https:\/\/domingoseadvogados.com.br\/index.php\/2018\/01\/25\/revisao-do-art-29-da-lei-de-beneficios\/","url_meta":{"origin":687,"position":4},"title":"Revis\u00e3o do art. 29 da Lei de Benef\u00edcios","date":"janeiro 25, 2018","format":false,"excerpt":"Revis\u00e3o do art. 29 da Lei de Benef\u00edcios Quem obteve benef\u00edcios previdenci\u00e1rios do INSS entre 1999 e 2009, pode ter sofrido algumas perdas significativas. \u00c9 que o INSS ao inv\u00e9s de calcular os benef\u00edcios descartando 20% das menores contribui\u00e7\u00f5es, se utilizou de um decreto e usava todas as contribui\u00e7\u00f5es ap\u00f3s\u2026","rel":"","context":"Em &quot;Not\u00edcias&quot;","img":{"alt_text":"","src":"","width":0,"height":0},"classes":[]},{"id":603,"url":"https:\/\/domingoseadvogados.com.br\/index.php\/2019\/02\/15\/cobrador-de-onibus-recebe-adicional-de-insalubridade-por-trabalhar-exposto-a-vibracao\/","url_meta":{"origin":687,"position":5},"title":"Cobrador de \u00f4nibus recebe adicional de insalubridade por trabalhar exposto a vibra\u00e7\u00e3o","date":"fevereiro 15, 2019","format":false,"excerpt":"A Primeira Turma do Tribunal Superior do Trabalho condenou uma empresa (...) a pagar a um cobrador o adicional de insalubridade em grau m\u00e9dio em raz\u00e3o da vibra\u00e7\u00e3o. A medi\u00e7\u00e3o desse agente se d\u00e1 por zonas, e, conforme a classifica\u00e7\u00e3o, h\u00e1 risco \u00e0 sa\u00fade. No caso, foi constatado que o\u2026","rel":"","context":"Em &quot;Not\u00edcias&quot;","img":{"alt_text":"","src":"https:\/\/i0.wp.com\/domingoseadvogados.com.br\/wp-content\/uploads\/2018\/10\/shutterstock_108943724-1000x675.jpg?resize=350%2C200&ssl=1","width":350,"height":200},"classes":[]}],"_links":{"self":[{"href":"https:\/\/domingoseadvogados.com.br\/index.php\/wp-json\/wp\/v2\/posts\/687"}],"collection":[{"href":"https:\/\/domingoseadvogados.com.br\/index.php\/wp-json\/wp\/v2\/posts"}],"about":[{"href":"https:\/\/domingoseadvogados.com.br\/index.php\/wp-json\/wp\/v2\/types\/post"}],"author":[{"embeddable":true,"href":"https:\/\/domingoseadvogados.com.br\/index.php\/wp-json\/wp\/v2\/users\/2"}],"replies":[{"embeddable":true,"href":"https:\/\/domingoseadvogados.com.br\/index.php\/wp-json\/wp\/v2\/comments?post=687"}],"version-history":[{"count":1,"href":"https:\/\/domingoseadvogados.com.br\/index.php\/wp-json\/wp\/v2\/posts\/687\/revisions"}],"predecessor-version":[{"id":688,"href":"https:\/\/domingoseadvogados.com.br\/index.php\/wp-json\/wp\/v2\/posts\/687\/revisions\/688"}],"wp:featuredmedia":[{"embeddable":true,"href":"https:\/\/domingoseadvogados.com.br\/index.php\/wp-json\/wp\/v2\/media\/476"}],"wp:attachment":[{"href":"https:\/\/domingoseadvogados.com.br\/index.php\/wp-json\/wp\/v2\/media?parent=687"}],"wp:term":[{"taxonomy":"category","embeddable":true,"href":"https:\/\/domingoseadvogados.com.br\/index.php\/wp-json\/wp\/v2\/categories?post=687"},{"taxonomy":"post_tag","embeddable":true,"href":"https:\/\/domingoseadvogados.com.br\/index.php\/wp-json\/wp\/v2\/tags?post=687"}],"curies":[{"name":"wp","href":"https:\/\/api.w.org\/{rel}","templated":true}]}}