{"id":66,"date":"2016-06-26T14:23:31","date_gmt":"2016-06-26T17:23:31","guid":{"rendered":"http:\/\/domingoseadvogados.holdexchange.com\/?p=66"},"modified":"2018-10-10T15:12:15","modified_gmt":"2018-10-10T18:12:15","slug":"problemas-pela-falta-de-transferencia-do-veiculo-junto-ao-detran","status":"publish","type":"post","link":"https:\/\/domingoseadvogados.com.br\/index.php\/2016\/06\/26\/problemas-pela-falta-de-transferencia-do-veiculo-junto-ao-detran\/","title":{"rendered":"Problemas pela falta de transfer\u00eancia do ve\u00edculo junto ao Detran"},"content":{"rendered":"<h3><strong>Problemas pela falta de transfer\u00eancia do ve\u00edculo junto ao Detran<\/strong><\/h3>\n<p>Existem pessoas que vendem seu ve\u00edculo sem efetivar a transfer\u00eancia da propriedade perante o Departamento Estadual de Tr\u00e2nsito &#8211; DETRAN.<\/p>\n<p><!--more--><\/p>\n<p>Tal conduta pode acarretar diversos transtornos ao vendedor, dentre elas:<\/p>\n<ol>\n<li>A suspens\u00e3o do direito de dirigir, decorrentes das multas de tr\u00e2nsito,<\/li>\n<li>Problemas com inqu\u00e9ritos policiais e investiga\u00e7\u00f5es pelo cometimento de condutas il\u00edcitas com o ve\u00edculo, situa\u00e7\u00e3o essa que pode levar o vendedor inclusive \u00e0 pris\u00e3o;<\/li>\n<li>Assumir a d\u00edvida de impostos relacionados ao ve\u00edculo, pela falta de pagamento do IPVA, inclusive com o protesto em cart\u00f3rio, autorizado pela legisla\u00e7\u00e3o;<\/li>\n<li>Nome incluso nos \u00f3rg\u00e3os de prote\u00e7\u00e3o ao cr\u00e9dito, pela falta de pagamento das mensalidades assumidas perante entidade financeira, entre outras.<\/li>\n<\/ol>\n<p>Para evitar esses tipos de constrangimentos, ser\u00e1 extremamente necess\u00e1rio que o vendedor adote algumas posturas, sendo:<\/p>\n<ol>\n<li>Tirar uma c\u00f3pia autenticada do documento de transfer\u00eancia (CRV) com a firma reconhecida,<\/li>\n<li>Caso n\u00e3o assine o documento de transfer\u00eancia (CRV), fazer um contrato de venda e compra com assinatura das partes, incluindo o valor de venda, as caracter\u00edsticas do ve\u00edculo.<\/li>\n<\/ol>\n<p>Todavia, caso n\u00e3o seja adotada pelo vendedor nenhuma das posturas acima, e sendo ele constrangido por situa\u00e7\u00f5es criadas por irresponsabilidades do comprador, as quais n\u00e3o querem ser assumidas por este \u00faltimo, ser\u00e1 necess\u00e1rio ingressar com a\u00e7\u00e3o de obriga\u00e7\u00e3o de fazer cumulado com indeniza\u00e7\u00f5es por danos materiais e morais.<\/p>\n<p>Tal medida protetiva ter\u00e1 como objetivo o recebimento de uma senten\u00e7a judicial favor\u00e1vel para obrigar o comprador a transferir todas as obriga\u00e7\u00f5es decorrentes de sua conduta.<\/p>\n<p>Para ingressar com a a\u00e7\u00e3o judicial, \u00e9 necess\u00e1rio ter os dados do comprador, c\u00f3pia do documento de propriedade (CRV) e comprova\u00e7\u00e3o da venda, tais como e-mail, mensagens eletr\u00f4nicas, e outras que provem a transfer\u00eancia do ve\u00edculo.<\/p>\n","protected":false},"excerpt":{"rendered":"<p>Problemas pela falta de transfer\u00eancia do ve\u00edculo junto ao Detran Existem pessoas que vendem seu ve\u00edculo sem efetivar a transfer\u00eancia da propriedade perante o Departamento Estadual de Tr\u00e2nsito &#8211; DETRAN.<\/p>\n","protected":false},"author":2,"featured_media":0,"comment_status":"open","ping_status":"open","sticky":false,"template":"","format":"standard","meta":{"_mi_skip_tracking":false,"footnotes":""},"categories":[1],"tags":[],"class_list":["post-66","post","type-post","status-publish","format-standard","hentry","category-uncategorized"],"jetpack_featured_media_url":"","jetpack-related-posts":[{"id":706,"url":"https:\/\/domingoseadvogados.com.br\/index.php\/2019\/09\/05\/acesso-a-e-mails-internos-da-empresa-caracteriza-violacao-de-sigilo-de-correspondencia\/","url_meta":{"origin":66,"position":0},"title":"Acesso a e-mails internos da empresa caracteriza viola\u00e7\u00e3o de sigilo de correspond\u00eancia","date":"setembro 5, 2019","format":false,"excerpt":"A Segunda Turma do Tribunal Superior do Trabalho considerou inv\u00e1lido como meio de prova o conte\u00fado de e-mails da diretoria da Prosegur Brasil S\/A Transporte de Valores e Seguran\u00e7a obtidos sem autoriza\u00e7\u00e3o judicial por dois empregados que tiveram a dispensa por justa causa reconhecida em ju\u00edzo. De acordo com o\u2026","rel":"","context":"Em &quot;Not\u00edcias&quot;","img":{"alt_text":"","src":"","width":0,"height":0},"classes":[]},{"id":1056,"url":"https:\/\/domingoseadvogados.com.br\/index.php\/2021\/04\/29\/cliente-que-pagou-mais-de-r-1-milhao-por-ferrari-recuperada-de-batida-grave-recebera-restituicao\/","url_meta":{"origin":66,"position":1},"title":"Cliente que pagou mais de R$ 1 milh\u00e3o por Ferrari recuperada de batida grave receber\u00e1 restitui\u00e7\u00e3o","date":"abril 29, 2021","format":false,"excerpt":"\u200bA Terceira Turma do Superior Tribunal de Justi\u00e7a (STJ), por maioria de votos, manteve ac\u00f3rd\u00e3o do Tribunal de Justi\u00e7a de Minas Gerais (TJMG) que condenou uma loja de ve\u00edculos a devolver os valores pagos por cliente que adquiriu uma Ferrari F-430 por R$ 1,17 milh\u00e3o, em 2009, sem saber que\u2026","rel":"","context":"Em &quot;Not\u00edcias&quot;","img":{"alt_text":"","src":"https:\/\/i0.wp.com\/domingoseadvogados.com.br\/wp-content\/uploads\/2020\/04\/33.jpg?resize=350%2C200&ssl=1","width":350,"height":200},"classes":[]},{"id":1013,"url":"https:\/\/domingoseadvogados.com.br\/index.php\/2021\/02\/22\/vendedora-recebera-comissoes-estornadas-pela-loja-por-inadimplencia-do-comprador\/","url_meta":{"origin":66,"position":2},"title":"Vendedora receber\u00e1 comiss\u00f5es estornadas pela loja por inadimpl\u00eancia do comprador","date":"fevereiro 22, 2021","format":false,"excerpt":"A Terceira Turma do Tribunal Superior do Trabalho negou provimento ao recurso da Magazine Luiza S.A. contra a condena\u00e7\u00e3o ao pagamento, a uma vendedora, das diferen\u00e7as relativas ao estorno de comiss\u00f5es em consequ\u00eancia de inadimpl\u00eancia ou desist\u00eancia do comprador. Segundo o colegiado, o direito \u00e0 comiss\u00e3o surge ap\u00f3s encerrada a\u2026","rel":"","context":"Em &quot;Not\u00edcias&quot;","img":{"alt_text":"","src":"https:\/\/i0.wp.com\/domingoseadvogados.com.br\/wp-content\/uploads\/2020\/04\/33.jpg?resize=350%2C200&ssl=1","width":350,"height":200},"classes":[]},{"id":273,"url":"https:\/\/domingoseadvogados.com.br\/index.php\/2018\/03\/17\/como-alguem-pode-ser-obrigado-a-fazer-algo\/","url_meta":{"origin":66,"position":3},"title":"Como algu\u00e9m pode ser obrigado a fazer algo","date":"mar\u00e7o 17, 2018","format":false,"excerpt":"Como algu\u00e9m pode ser obrigado a fazer algo Existem momentos na vida de uma pessoa em que ela se v\u00ea perdida com as a\u00e7\u00f5es e omiss\u00f5es de terceiros, temos como exemplo: 1)\u00a0\u00a0\u00a0\u00a0\u00a0a entrega de um cheque para garantia de uma d\u00edvida, com sua posterior devolu\u00e7\u00e3o; 2)\u00a0\u00a0\u00a0\u00a0\u00a0a venda de ve\u00edculo \u00e0\u2026","rel":"","context":"Em &quot;Not\u00edcias&quot;","img":{"alt_text":"","src":"","width":0,"height":0},"classes":[]},{"id":854,"url":"https:\/\/domingoseadvogados.com.br\/index.php\/2020\/04\/14\/capataz-de-fazenda-que-nao-pode-se-aposentar-por-falta-de-recolhimento-do-inss-sera-indenizado\/","url_meta":{"origin":66,"position":4},"title":"Capataz de fazenda que n\u00e3o p\u00f4de se aposentar por falta de recolhimento do INSS ser\u00e1 indenizado","date":"abril 14, 2020","format":false,"excerpt":"A S\u00e9tima Turma do Tribunal Superior do Trabalho condenou a propriet\u00e1ria da Fazenda Tarum\u00e3, em Mato Grosso do Sul, por n\u00e3o ter recolhido as contribui\u00e7\u00f5es previdenci\u00e1rias de um capataz que, por isso, teve o pedido de aposentadoria recusado pelo INSS.\u00a0 Segundo os ministros, a situa\u00e7\u00e3o configura dano moral. Comprova\u00e7\u00e3o Na\u2026","rel":"","context":"Em &quot;Not\u00edcias&quot;","img":{"alt_text":"","src":"","width":0,"height":0},"classes":[]},{"id":1058,"url":"https:\/\/domingoseadvogados.com.br\/index.php\/2021\/04\/30\/parte-que-desistiu-da-compra-de-terreno-sem-edificacao-nao-precisa-pagar-taxa-de-ocupacao-ao-vendedor\/","url_meta":{"origin":66,"position":5},"title":"Parte que desistiu da compra de terreno sem edifica\u00e7\u00e3o n\u00e3o precisa pagar taxa de ocupa\u00e7\u00e3o ao vendedor","date":"abril 30, 2021","format":false,"excerpt":"O simples exerc\u00edcio da posse de terreno pelo promiss\u00e1rio comprador n\u00e3o basta para que ele seja condenado a pagar taxa de ocupa\u00e7\u00e3o no caso de rompimento do contrato de compra e venda, sendo necess\u00e1rio, para a condena\u00e7\u00e3o, que tenha se beneficiado de uma vantagem que deveria ter ingressado no patrim\u00f4nio\u2026","rel":"","context":"Em &quot;Not\u00edcias&quot;","img":{"alt_text":"","src":"https:\/\/i0.wp.com\/domingoseadvogados.com.br\/wp-content\/uploads\/2020\/04\/33.jpg?resize=350%2C200&ssl=1","width":350,"height":200},"classes":[]}],"_links":{"self":[{"href":"https:\/\/domingoseadvogados.com.br\/index.php\/wp-json\/wp\/v2\/posts\/66"}],"collection":[{"href":"https:\/\/domingoseadvogados.com.br\/index.php\/wp-json\/wp\/v2\/posts"}],"about":[{"href":"https:\/\/domingoseadvogados.com.br\/index.php\/wp-json\/wp\/v2\/types\/post"}],"author":[{"embeddable":true,"href":"https:\/\/domingoseadvogados.com.br\/index.php\/wp-json\/wp\/v2\/users\/2"}],"replies":[{"embeddable":true,"href":"https:\/\/domingoseadvogados.com.br\/index.php\/wp-json\/wp\/v2\/comments?post=66"}],"version-history":[{"count":2,"href":"https:\/\/domingoseadvogados.com.br\/index.php\/wp-json\/wp\/v2\/posts\/66\/revisions"}],"predecessor-version":[{"id":429,"href":"https:\/\/domingoseadvogados.com.br\/index.php\/wp-json\/wp\/v2\/posts\/66\/revisions\/429"}],"wp:attachment":[{"href":"https:\/\/domingoseadvogados.com.br\/index.php\/wp-json\/wp\/v2\/media?parent=66"}],"wp:term":[{"taxonomy":"category","embeddable":true,"href":"https:\/\/domingoseadvogados.com.br\/index.php\/wp-json\/wp\/v2\/categories?post=66"},{"taxonomy":"post_tag","embeddable":true,"href":"https:\/\/domingoseadvogados.com.br\/index.php\/wp-json\/wp\/v2\/tags?post=66"}],"curies":[{"name":"wp","href":"https:\/\/api.w.org\/{rel}","templated":true}]}}