{"id":339,"date":"2018-09-27T12:19:08","date_gmt":"2018-09-27T15:19:08","guid":{"rendered":"http:\/\/domingoseadvogados.com.br\/?p=339"},"modified":"2018-10-10T13:40:10","modified_gmt":"2018-10-10T16:40:10","slug":"plano-de-saude-nao-pode-ser-cancelado-no-caso-de-aposentadoria-por-invalidez","status":"publish","type":"post","link":"https:\/\/domingoseadvogados.com.br\/index.php\/2018\/09\/27\/plano-de-saude-nao-pode-ser-cancelado-no-caso-de-aposentadoria-por-invalidez\/","title":{"rendered":"Plano de sa\u00fade n\u00e3o pode ser cancelado no caso de aposentadoria por invalidez"},"content":{"rendered":"<p><strong>Plano de sa\u00fade n\u00e3o pode ser cancelado no caso de aposentadoria por invalidez &#8211; <\/strong><em><strong>A situa\u00e7\u00e3o enseja a repara\u00e7\u00e3o por danos morais.<\/strong><\/em><\/p>\n<p>A Oitava Turma do Tribunal Superior do Trabalho condenou a Companhia Energ\u00e9tica do Maranh\u00e3o (CEMAR) por ter cancelado o plano de sa\u00fade e odontol\u00f3gico de uma industri\u00e1ria aposentada por invalidez. A decis\u00e3o segue o entendimento do TST de que a situa\u00e7\u00e3o enseja a repara\u00e7\u00e3o por danos morais.<\/p>\n<p><!--more--><\/p>\n<p>Na reclama\u00e7\u00e3o trabalhista, a aposentada afirmou que, com o cancelamento, teve de pagar por procedimentos m\u00e9dicos. Ela pedia o restabelecimento dos planos e a condena\u00e7\u00e3o da empresa ao pagamento de indeniza\u00e7\u00e3o. A Cemar, em sua defesa, sustentou a legalidade da suspens\u00e3o, alegando que, com a aposentadoria, teria ocorrido corte nas contribui\u00e7\u00f5es feitas pela trabalhadora.<\/p>\n<p>O Tribunal Regional do Trabalho da 16\u00aa Regi\u00e3o (MA) determinou o restabelecimento dos planos, mas julgou indevida a repara\u00e7\u00e3o por dano moral por n\u00e3o haver ficado configurada ofensa de cunho moral nem ato il\u00edcito. Segundo o TRT, o dever de reparar \u00e9 cab\u00edvel somente na ocorr\u00eancia de ato que cause dano, e n\u00e3o em \u201cdissabores do cotidiano\u201d.<\/p>\n<p>Para a relatora do recurso de revista da aposentada, ministra Maria Cristina Peduzzi, a decis\u00e3o do TRT deveria ser revista por estar em desacordo com a jurisprud\u00eancia do TST, diante da comprova\u00e7\u00e3o do cancelamento indevido do plano e das despesas m\u00e9dicas da\u00ed decorrentes. Por unanimidade, a Turma deu provimento ao recurso e fixou a indeniza\u00e7\u00e3o em R$ 10 mil.<\/p>\n<p>(DA\/CF) Processo: <a href=\"http:\/\/aplicacao4.tst.jus.br\/consultaProcessual\/resumoForm.do?consulta=1&amp;numeroInt=48614&amp;anoInt=2018\">RR-16899-71.2014.5.16.0015<\/a> \u2013 fonte: TST<\/p>\n<div id=\"websigner_softplan_com_br\" class=\"websigner_softplan_com_br\" style=\"display: none;\"><\/div>\n","protected":false},"excerpt":{"rendered":"<p>Plano de sa\u00fade n\u00e3o pode ser cancelado no caso de aposentadoria por invalidez &#8211; A situa\u00e7\u00e3o enseja a repara\u00e7\u00e3o por danos morais. A Oitava Turma do Tribunal Superior do Trabalho condenou a Companhia Energ\u00e9tica do Maranh\u00e3o (CEMAR) por ter cancelado o plano de sa\u00fade e odontol\u00f3gico de uma industri\u00e1ria aposentada por invalidez. A decis\u00e3o segue [&hellip;]<\/p>\n","protected":false},"author":2,"featured_media":0,"comment_status":"closed","ping_status":"closed","sticky":false,"template":"","format":"standard","meta":{"_mi_skip_tracking":false,"footnotes":""},"categories":[9],"tags":[],"class_list":["post-339","post","type-post","status-publish","format-standard","hentry","category-noticias"],"jetpack_featured_media_url":"","jetpack-related-posts":[{"id":1067,"url":"https:\/\/domingoseadvogados.com.br\/index.php\/2021\/05\/21\/motorista-sera-indenizado-por-cancelamento-de-plano-de-saude-pela-empresa\/","url_meta":{"origin":339,"position":0},"title":"Motorista ser\u00e1 indenizado por cancelamento de plano de sa\u00fade pela empresa","date":"maio 21, 2021","format":false,"excerpt":"A Segunda Turma do Tribunal Superior do Trabalho condenou a Nacional Expresso Ltda., de S\u00e3o Jos\u00e9 do Rio Preto (SP), a pagar R$ 5 mil de indeniza\u00e7\u00e3o a um motorista que teve o plano de sa\u00fade cancelado por quase um ano ap\u00f3s a aposentadoria por invalidez. Para a Turma, a\u2026","rel":"","context":"Em &quot;Not\u00edcias&quot;","img":{"alt_text":"","src":"https:\/\/i0.wp.com\/domingoseadvogados.com.br\/wp-content\/uploads\/2020\/04\/33.jpg?resize=350%2C200&ssl=1","width":350,"height":200},"classes":[]},{"id":315,"url":"https:\/\/domingoseadvogados.com.br\/index.php\/2018\/08\/21\/aposentadoria-por-invalidez-quem-tem-direito\/","url_meta":{"origin":339,"position":1},"title":"Aposentadoria por invalidez, quem tem direito?","date":"agosto 21, 2018","format":false,"excerpt":"Aposentadoria por invalidez, quem tem direito? O direito \u00e0 aposentadoria por invalidez decorre das seguintes situa\u00e7\u00f5es, resumidamente \u00e9 l\u00f3gico: \u00e9 um benef\u00edcio concedido ao trabalhador que tenha incapacidade permanente de exercer o seu trabalho; o trabalhador n\u00e3o consegue a reabilita\u00e7\u00e3o em outra profiss\u00e3o; deve ocorrer uma avalia\u00e7\u00e3o da per\u00edcia m\u00e9dica\u2026","rel":"","context":"Em &quot;Not\u00edcias&quot;","img":{"alt_text":"","src":"","width":0,"height":0},"classes":[]},{"id":239,"url":"https:\/\/domingoseadvogados.com.br\/index.php\/2018\/01\/23\/adicional-de-25-para-aposentadoria-por-invalidez\/","url_meta":{"origin":339,"position":2},"title":"Adicional de 25% para aposentadoria por invalidez","date":"janeiro 23, 2018","format":false,"excerpt":"Adicional de 25% para aposentadoria por invalidez Quem \u00e9 aposentado por invalidez pelo INSS, e necessita de cuidados permanentes de terceiros, tem direito a pedir um adicional de 25% sobre o benef\u00edcio para auxiliar nos custos e despesas. O valor \u00e9 pago mesmo que o segurado ganhe o teto m\u00e1ximo\u2026","rel":"","context":"Em &quot;Not\u00edcias&quot;","img":{"alt_text":"","src":"","width":0,"height":0},"classes":[]},{"id":947,"url":"https:\/\/domingoseadvogados.com.br\/index.php\/2020\/10\/01\/motorista-alvejado-por-tres-tiros-durante-assalto-recebera-compensacao-por-danos-morais-e-esteticos\/","url_meta":{"origin":339,"position":3},"title":"Motorista alvejado por tr\u00eas tiros durante assalto receber\u00e1 compensa\u00e7\u00e3o por danos morais e est\u00e9ticos","date":"outubro 1, 2020","format":false,"excerpt":"A S\u00e9tima Turma do Tribunal Superior do Trabalho decidiu condenou a Radial Transporte Coletivo Ltda., de Suzano (SP), ao pagamento de repara\u00e7\u00e3o de R$ 220 mil por danos morais e est\u00e9ticos a um motorista que, durante um roubo, levou tr\u00eas tiros que o deixaram com incapacidade total e permanente para\u2026","rel":"","context":"Em &quot;Not\u00edcias&quot;","img":{"alt_text":"","src":"https:\/\/i0.wp.com\/domingoseadvogados.com.br\/wp-content\/uploads\/2020\/04\/33.jpg?resize=350%2C200&ssl=1","width":350,"height":200},"classes":[]},{"id":591,"url":"https:\/\/domingoseadvogados.com.br\/index.php\/2019\/02\/12\/cirurgia-plastica-reparadora-para-paciente-de-bariatrica-deve-ser-paga-pelo-plano-de-saude\/","url_meta":{"origin":339,"position":4},"title":"Cirurgia pl\u00e1stica reparadora para paciente de bari\u00e1trica deve ser paga pelo plano de sa\u00fade","date":"fevereiro 12, 2019","format":false,"excerpt":"Para a Terceira Turma do Superior Tribunal de Justi\u00e7a (STJ), opera\u00e7\u00f5es pl\u00e1sticas reparadoras para a retirada de excesso de pele em pacientes submetidos a gastroplastia (cirurgia bari\u00e1trica) devem ser custeadas pelos planos de sa\u00fade. Com esse entendimento, o colegiado confirmou ac\u00f3rd\u00e3o do Tribunal de Justi\u00e7a do Distrito Federal que condenou\u2026","rel":"","context":"Em &quot;Not\u00edcias&quot;","img":{"alt_text":"","src":"https:\/\/i0.wp.com\/domingoseadvogados.com.br\/wp-content\/uploads\/2018\/12\/482031_1.jpg?resize=350%2C200&ssl=1","width":350,"height":200},"classes":[]},{"id":680,"url":"https:\/\/domingoseadvogados.com.br\/index.php\/2019\/05\/28\/dano-moral-e-a-negativa-de-cobertura-de-stents-em-cirurgia-cardiaca\/","url_meta":{"origin":339,"position":5},"title":"Dano moral e a negativa de cobertura de &#8220;stents&#8221; em cirurgia card\u00edaca","date":"maio 28, 2019","format":false,"excerpt":"A Terceira Turma do Superior Tribunal de Justi\u00e7a (STJ) negou pedido de danos morais em favor de paciente que, ap\u00f3s ter sido submetido a cirurgia card\u00edaca, foi informado de que o plano de sa\u00fade n\u00e3o pagaria os stents (pr\u00f3teses colocadas no interior da art\u00e9ria para prevenir obstru\u00e7\u00f5es) por falta de\u2026","rel":"","context":"Em &quot;Not\u00edcias&quot;","img":{"alt_text":"","src":"https:\/\/i0.wp.com\/domingoseadvogados.com.br\/wp-content\/uploads\/2018\/10\/rsz_justi\u00e7a.jpg?resize=350%2C200&ssl=1","width":350,"height":200},"classes":[]}],"_links":{"self":[{"href":"https:\/\/domingoseadvogados.com.br\/index.php\/wp-json\/wp\/v2\/posts\/339"}],"collection":[{"href":"https:\/\/domingoseadvogados.com.br\/index.php\/wp-json\/wp\/v2\/posts"}],"about":[{"href":"https:\/\/domingoseadvogados.com.br\/index.php\/wp-json\/wp\/v2\/types\/post"}],"author":[{"embeddable":true,"href":"https:\/\/domingoseadvogados.com.br\/index.php\/wp-json\/wp\/v2\/users\/2"}],"replies":[{"embeddable":true,"href":"https:\/\/domingoseadvogados.com.br\/index.php\/wp-json\/wp\/v2\/comments?post=339"}],"version-history":[{"count":2,"href":"https:\/\/domingoseadvogados.com.br\/index.php\/wp-json\/wp\/v2\/posts\/339\/revisions"}],"predecessor-version":[{"id":374,"href":"https:\/\/domingoseadvogados.com.br\/index.php\/wp-json\/wp\/v2\/posts\/339\/revisions\/374"}],"wp:attachment":[{"href":"https:\/\/domingoseadvogados.com.br\/index.php\/wp-json\/wp\/v2\/media?parent=339"}],"wp:term":[{"taxonomy":"category","embeddable":true,"href":"https:\/\/domingoseadvogados.com.br\/index.php\/wp-json\/wp\/v2\/categories?post=339"},{"taxonomy":"post_tag","embeddable":true,"href":"https:\/\/domingoseadvogados.com.br\/index.php\/wp-json\/wp\/v2\/tags?post=339"}],"curies":[{"name":"wp","href":"https:\/\/api.w.org\/{rel}","templated":true}]}}