{"id":249,"date":"2018-01-26T11:54:43","date_gmt":"2018-01-26T14:54:43","guid":{"rendered":"http:\/\/domingoseadvogados.holdexchange.com\/?p=249"},"modified":"2018-10-10T14:15:51","modified_gmt":"2018-10-10T17:15:51","slug":"cobranca-de-dividas","status":"publish","type":"post","link":"https:\/\/domingoseadvogados.com.br\/index.php\/2018\/01\/26\/cobranca-de-dividas\/","title":{"rendered":"Cobran\u00e7a de d\u00edvidas"},"content":{"rendered":"<h3><strong>Cobran\u00e7a de d\u00edvidas<\/strong><\/h3>\n<p>Para cobrar a d\u00edvida de terceiros, existem alguns cuidados a serem tomados, que basicamente se relacionam a verifica\u00e7\u00e3o do documento e se a divida n\u00e3o est\u00e1 prescrita.<\/p>\n<p><!--more--><\/p>\n<p>Neste \u00faltimo ponto existem algumas possibilidades de prazo, que dependem exatamente do tipo de documento e da origem da d\u00edvida, veja:<\/p>\n<ol>\n<li>O cheque, tem prazo de 6 meses para executar e de 5 anos para cobrar, ambos contados da data de emiss\u00e3o;<\/li>\n<li>A nota fiscal de venda acompanhada do comprovante de entrega da mercadoria tem prazo de 3 anos para executar e de 5 anos para cobrar, ambos contados da data de vencimento;<\/li>\n<li>A nota promiss\u00f3ria tem prazo de 3 anos para executar e de 5 anos para cobrar, ambos contados da data de emiss\u00e3o;<\/li>\n<li>O Contrato de confiss\u00e3o de d\u00edvida tem prazo de 5 anos para executar e cobrar, ambos contados do vencimento de cada uma das parcelas.<\/li>\n<\/ol>\n<p>A diferen\u00e7a entre executar e cobrar, \u00e9 que para a execu\u00e7\u00e3o o documento deve conter tr\u00eas requisitos, uma obriga\u00e7\u00e3o certa, l\u00edquida e exig\u00edvel, que significa:<\/p>\n<ol>\n<li>Certa: a obriga\u00e7\u00e3o existe e a presta\u00e7\u00e3o \u00e9 existente;<\/li>\n<li>L\u00edquida: o valor da obriga\u00e7\u00e3o \u00e9 certo, cont\u00e9m valores a serem pagos em determinado espa\u00e7o de tempo e lugar;<\/li>\n<li>Exig\u00edvel: n\u00e3o existe nenhuma pend\u00eancia ou impedimento entre as partes<\/li>\n<\/ol>\n<p>Quando o t\u00edtulo executivo perde sua efic\u00e1cia, que basicamente \u00e9 relacionado ao prazo, o credor ter\u00e1 que apresentar uma a\u00e7\u00e3o de cobran\u00e7a.<\/p>\n<div id=\"websigner_softplan_com_br\" class=\"websigner_softplan_com_br\" style=\"display: none;\"><\/div>\n","protected":false},"excerpt":{"rendered":"<p>Cobran\u00e7a de d\u00edvidas Para cobrar a d\u00edvida de terceiros, existem alguns cuidados a serem tomados, que basicamente se relacionam a verifica\u00e7\u00e3o do documento e se a divida n\u00e3o est\u00e1 prescrita.<\/p>\n","protected":false},"author":2,"featured_media":0,"comment_status":"closed","ping_status":"closed","sticky":false,"template":"","format":"standard","meta":{"_mi_skip_tracking":false,"footnotes":""},"categories":[9],"tags":[],"class_list":["post-249","post","type-post","status-publish","format-standard","hentry","category-noticias"],"jetpack_featured_media_url":"","jetpack-related-posts":[{"id":335,"url":"https:\/\/domingoseadvogados.com.br\/index.php\/2018\/09\/24\/sobrepartilha\/","url_meta":{"origin":249,"position":0},"title":"Sobrepartilha","date":"setembro 24, 2018","format":false,"excerpt":"Sobrepartilha A sobrepartilha \u00e9 a nova partilha de bens, encontrados pelos herdeiros, quando j\u00e1 ocorrida a primeira partilha. O prazo para requerer \u00e9 de 10 anos, contados a partir do conhecimento da exist\u00eancia do bem, e as regras s\u00e3o as mesmas do processo de invent\u00e1rio, ou seja, poder\u00e1 ser realizada\u2026","rel":"","context":"Em &quot;Not\u00edcias&quot;","img":{"alt_text":"","src":"","width":0,"height":0},"classes":[]},{"id":998,"url":"https:\/\/domingoseadvogados.com.br\/index.php\/2020\/12\/14\/pagamento-em-dobro-de-valor-cobrado-indevidamente-pode-ser-pedido-em-embargos-monitorios\/","url_meta":{"origin":249,"position":1},"title":"Pagamento em dobro de valor cobrado indevidamente pode ser pedido em embargos monit\u00f3rios","date":"dezembro 14, 2020","format":false,"excerpt":"\u200bA Terceira Turma do Superior Tribunal de Justi\u00e7a (STJ) estabeleceu que, sob o C\u00f3digo Civil de 2002, o pagamento em dobro de quantia indevidamente cobrada pode ser requerido por qualquer via processual, inclusive em embargos monit\u00f3rios. Com esse entendimento, o colegiado deu provimento ao pedido de uma empresa e seus\u2026","rel":"","context":"Em &quot;Not\u00edcias&quot;","img":{"alt_text":"","src":"https:\/\/i0.wp.com\/domingoseadvogados.com.br\/wp-content\/uploads\/2020\/04\/33.jpg?resize=350%2C200&ssl=1","width":350,"height":200},"classes":[]},{"id":1092,"url":"https:\/\/domingoseadvogados.com.br\/index.php\/2021\/06\/18\/eletricitario-podera-cobrar-verbas-rescisorias-mais-de-25-anos-apos-a-dispensa\/","url_meta":{"origin":249,"position":2},"title":"Eletricit\u00e1rio poder\u00e1 cobrar verbas rescis\u00f3rias mais de 25 anos ap\u00f3s a dispensa","date":"junho 18, 2021","format":false,"excerpt":"A Segunda Turma do Tribunal Superior do Trabalho afastou a prescri\u00e7\u00e3o de uma a\u00e7\u00e3o movida por um eletricit\u00e1rio, visando ao pagamento de verbas rescis\u00f3rias, ap\u00f3s ter seu pedido de reintegra\u00e7\u00e3o negado em a\u00e7\u00e3o anterior. Para a Turma, somente a partir da decis\u00e3o definitiva na primeira a\u00e7\u00e3o, iniciada em 1995, \u00e9\u2026","rel":"","context":"Em &quot;Not\u00edcias&quot;","img":{"alt_text":"","src":"https:\/\/i0.wp.com\/domingoseadvogados.com.br\/wp-content\/uploads\/2020\/04\/33.jpg?resize=350%2C200&ssl=1","width":350,"height":200},"classes":[]},{"id":730,"url":"https:\/\/domingoseadvogados.com.br\/index.php\/2019\/09\/17\/a-interpretacao-da-lei-de-execucao-fiscal-na-jurisprudencia-do-stj\/","url_meta":{"origin":249,"position":3},"title":"A interpreta\u00e7\u00e3o da Lei de Execu\u00e7\u00e3o Fiscal na jurisprud\u00eancia do STJ","date":"setembro 17, 2019","format":false,"excerpt":"\u200b\u200bA execu\u00e7\u00e3o fiscal \u00e9 o procedimento pelo qual a Fazenda P\u00fablica aciona o Poder Judici\u00e1rio para requerer de contribuintes inadimplentes o cr\u00e9dito devido. O processo \u00e9 consequ\u00eancia da inscri\u00e7\u00e3o do devedor na d\u00edvida ativa, ap\u00f3s frustradas tentativas de recupera\u00e7\u00e3o na via administrativa. Segundo a publica\u00e7\u00e3o Justi\u00e7a em N\u00fameros 2019, editada\u2026","rel":"","context":"Em &quot;Not\u00edcias&quot;","img":{"alt_text":"","src":"https:\/\/i0.wp.com\/domingoseadvogados.com.br\/wp-content\/uploads\/2016\/05\/Balan\u00e7a-2.jpg?resize=350%2C200&ssl=1","width":350,"height":200},"classes":[]},{"id":1127,"url":"https:\/\/domingoseadvogados.com.br\/index.php\/2021\/12\/09\/interrupcao-da-prescricao-por-acao-trabalhista-anterior-depende-da-identidade-de-partes-e-de-causas-de-pedir\/","url_meta":{"origin":249,"position":4},"title":"Interrup\u00e7\u00e3o da prescri\u00e7\u00e3o por a\u00e7\u00e3o trabalhista anterior depende da identidade de partes e de causas de pedir","date":"dezembro 9, 2021","format":false,"excerpt":"\u200bA Terceira Turma do Superior Tribunal de Justi\u00e7a (STJ) entendeu que a interrup\u00e7\u00e3o da prescri\u00e7\u00e3o em a\u00e7\u00e3o c\u00edvel, por ter havido\u00a0cita\u00e7\u00e3o v\u00e1lida em reclama\u00e7\u00e3o trabalhista anterior,\u00a0depende da exist\u00eancia\u00a0de identidade de partes e de causas de pedir \u2013 o que impediria a caracteriza\u00e7\u00e3o da\u00a0in\u00e9rcia do titular do direito. O colegiado discutiu,\u2026","rel":"","context":"Em &quot;Not\u00edcias&quot;","img":{"alt_text":"","src":"https:\/\/i0.wp.com\/domingoseadvogados.com.br\/wp-content\/uploads\/2020\/04\/33.jpg?resize=350%2C200&ssl=1","width":350,"height":200},"classes":[]},{"id":586,"url":"https:\/\/domingoseadvogados.com.br\/index.php\/2019\/02\/11\/ex-socio-nao-e-responsavel-por-obrigacao-contraida-apos-sua-saida-da-empresa\/","url_meta":{"origin":249,"position":5},"title":"Ex-s\u00f3cio n\u00e3o \u00e9 respons\u00e1vel por obriga\u00e7\u00e3o contra\u00edda ap\u00f3s sua sa\u00edda da empresa","date":"fevereiro 11, 2019","format":false,"excerpt":"A Terceira Turma do Superior Tribunal de Justi\u00e7a (STJ) deu provimento ao recurso especial do ex-s\u00f3cio de uma empresa por entender que, tendo deixado a sociedade limitada, ele n\u00e3o \u00e9 respons\u00e1vel por obriga\u00e7\u00e3o contra\u00edda em per\u00edodo posterior \u00e0 averba\u00e7\u00e3o da altera\u00e7\u00e3o contratual que registrou a cess\u00e3o de suas cotas. No\u2026","rel":"","context":"Em &quot;Not\u00edcias&quot;","img":{"alt_text":"","src":"","width":0,"height":0},"classes":[]}],"_links":{"self":[{"href":"https:\/\/domingoseadvogados.com.br\/index.php\/wp-json\/wp\/v2\/posts\/249"}],"collection":[{"href":"https:\/\/domingoseadvogados.com.br\/index.php\/wp-json\/wp\/v2\/posts"}],"about":[{"href":"https:\/\/domingoseadvogados.com.br\/index.php\/wp-json\/wp\/v2\/types\/post"}],"author":[{"embeddable":true,"href":"https:\/\/domingoseadvogados.com.br\/index.php\/wp-json\/wp\/v2\/users\/2"}],"replies":[{"embeddable":true,"href":"https:\/\/domingoseadvogados.com.br\/index.php\/wp-json\/wp\/v2\/comments?post=249"}],"version-history":[{"count":4,"href":"https:\/\/domingoseadvogados.com.br\/index.php\/wp-json\/wp\/v2\/posts\/249\/revisions"}],"predecessor-version":[{"id":398,"href":"https:\/\/domingoseadvogados.com.br\/index.php\/wp-json\/wp\/v2\/posts\/249\/revisions\/398"}],"wp:attachment":[{"href":"https:\/\/domingoseadvogados.com.br\/index.php\/wp-json\/wp\/v2\/media?parent=249"}],"wp:term":[{"taxonomy":"category","embeddable":true,"href":"https:\/\/domingoseadvogados.com.br\/index.php\/wp-json\/wp\/v2\/categories?post=249"},{"taxonomy":"post_tag","embeddable":true,"href":"https:\/\/domingoseadvogados.com.br\/index.php\/wp-json\/wp\/v2\/tags?post=249"}],"curies":[{"name":"wp","href":"https:\/\/api.w.org\/{rel}","templated":true}]}}