{"id":24,"date":"2016-03-25T23:22:20","date_gmt":"2016-03-26T02:22:20","guid":{"rendered":"http:\/\/domingoseadvogados.holdexchange.com\/?p=24"},"modified":"2018-10-11T10:12:25","modified_gmt":"2018-10-11T13:12:25","slug":"trabalhista","status":"publish","type":"post","link":"https:\/\/domingoseadvogados.com.br\/index.php\/2016\/03\/25\/trabalhista\/","title":{"rendered":"Trabalhista"},"content":{"rendered":"<p style=\"text-align: justify;\">A orienta\u00e7\u00e3o jur\u00eddica fornecida antes do surgimento do problema \u00e9 a melhor maneira de evitar que as empresas sofram com reclama\u00e7\u00f5es trabalhistas, em especial as que oferecem alto risco. Nesta linha, a equipe de Direito do Trabalho de nosso escrit\u00f3rio \u00e9 especialista em diagnosticar os focos de conflitos, observando minuciosamente as principais fragilidades, de modo a buscar solu\u00e7\u00f5es voltadas ao controle, gerenciamento e redu\u00e7\u00e3o de conting\u00eancias trabalhistas.<\/p>\n<p><!--more--><\/p>\n<p style=\"text-align: justify;\">A equipe desta \u00e1rea oferece ao cliente um trabalho consultivo e preventivo pleno, com a realiza\u00e7\u00e3o de due diligence, mediante auditoria focada no ajuste dos procedimentos adotados pela empresa, a fim de analisar a viabilidade de implementa\u00e7\u00e3o de modelos alternativos de contrata\u00e7\u00e3o, bem como de modelos flex\u00edveis de remunera\u00e7\u00e3o.<\/p>\n<p style=\"text-align: justify;\">Al\u00e9m da pr\u00e1tica consultiva e preventiva, a equipe tamb\u00e9m atua de maneira aguerrida na elabora\u00e7\u00e3o da defesa, recursos e no acompanhamento das audi\u00eancias de seus clientes, com atendimento totalmente informatizado e especializado em contencioso trabalhista complexo, com tratamento diferenciado para processos estrat\u00e9gicos. O escrit\u00f3rio tem experi\u00eancia em conflitos sindicais no \u00e2mbito judicial e extrajudicial, administra\u00e7\u00e3o de crises, negocia\u00e7\u00f5es coletivas, media\u00e7\u00f5es, arbitragem e diss\u00eddios coletivos.<\/p>\n<p style=\"text-align: justify;\">A \u00e1rea de Direito do Trabalho est\u00e1, portanto, apta a fornecer \u00e0s empresas todo o amparo jur\u00eddico necess\u00e1rio para o desenvolvimento saud\u00e1vel da rela\u00e7\u00e3o entre empregados e empregadores, de maneira a identificar suas necessidades e corrigir vulnerabilidades do empreendimento no \u00e2mbito trabalhista.<\/p>\n","protected":false},"excerpt":{"rendered":"<p>A orienta\u00e7\u00e3o jur\u00eddica fornecida antes do surgimento do problema \u00e9 a melhor maneira de evitar que as empresas sofram com reclama\u00e7\u00f5es trabalhistas, em especial as que oferecem alto risco. Nesta linha, a equipe de Direito do Trabalho de nosso escrit\u00f3rio \u00e9 especialista em diagnosticar os focos de conflitos, observando minuciosamente as principais fragilidades, de modo [&hellip;]<\/p>\n","protected":false},"author":1,"featured_media":442,"comment_status":"open","ping_status":"open","sticky":false,"template":"","format":"standard","meta":{"_mi_skip_tracking":false,"footnotes":""},"categories":[2],"tags":[4],"class_list":["post-24","post","type-post","status-publish","format-standard","has-post-thumbnail","hentry","category-servicos","tag-trabalhista"],"jetpack_featured_media_url":"https:\/\/domingoseadvogados.com.br\/wp-content\/uploads\/2018\/10\/shutterstock_108943724-1000x675.jpg","jetpack-related-posts":[{"id":872,"url":"https:\/\/domingoseadvogados.com.br\/index.php\/2020\/05\/22\/clausula-de-impenhorabilidade-inserida-por-doador-de-imovel-nao-se-aplica-a-execucao-trabalhista\/","url_meta":{"origin":24,"position":0},"title":"Cl\u00e1usula de impenhorabilidade inserida por doador de im\u00f3vel n\u00e3o se aplica \u00e0 execu\u00e7\u00e3o trabalhista","date":"maio 22, 2020","format":false,"excerpt":"A Quinta Turma do Tribunal Superior do Trabalho confirmou o entendimento de que a cl\u00e1usula de impenhorabilidade inserida por doador do im\u00f3vel n\u00e3o tem aplicabilidade na execu\u00e7\u00e3o de d\u00e9bitos trabalhistas. A decis\u00e3o fundamentou-se na Lei de Execu\u00e7\u00f5es Fiscais (Lei 6.830\/1980), que prev\u00ea que a totalidade dos bens e das rendas\u2026","rel":"","context":"Em &quot;Not\u00edcias&quot;","img":{"alt_text":"","src":"https:\/\/i0.wp.com\/domingoseadvogados.com.br\/wp-content\/uploads\/2020\/04\/33.jpg?resize=350%2C200&ssl=1","width":350,"height":200},"classes":[]},{"id":258,"url":"https:\/\/domingoseadvogados.com.br\/index.php\/2018\/02\/07\/o-tribunal-superior-do-trabalho-ainda-nao-decidiu-sobre-retroatividade-das-regras-da-reforma-trabalhista\/","url_meta":{"origin":24,"position":1},"title":"O Tribunal Superior do Trabalho ainda n\u00e3o decidiu sobre retroatividade das regras da reforma trabalhista","date":"fevereiro 7, 2018","format":false,"excerpt":"O Tribunal Superior do Trabalho ainda n\u00e3o decidiu sobre retroatividade das regras da reforma trabalhista H\u00e1 muitas empresas por a\u00ed aplicando as novas regras trabalhistas, mesmo aos contratos de trabalho assinados antes de 11\/11\/2017 e h\u00e1 muitos que digam que essas regras s\u00e3o autoaplic\u00e1veis. Cuidado, pois voc\u00ea pode ser ludibriado.\u2026","rel":"","context":"Em &quot;Not\u00edcias&quot;","img":{"alt_text":"","src":"","width":0,"height":0},"classes":[]},{"id":1166,"url":"https:\/\/domingoseadvogados.com.br\/index.php\/2023\/08\/11\/arrematacao-de-apartamento-e-anulada-em-razao-de-penhora-anterior-em-acao-civel\/","url_meta":{"origin":24,"position":2},"title":"Arremata\u00e7\u00e3o de apartamento \u00e9 anulada em raz\u00e3o de penhora anterior em a\u00e7\u00e3o c\u00edvel","date":"agosto 11, 2023","format":false,"excerpt":"A S\u00e9tima Turma do Tribunal Superior do Trabalho anulou a penhora e a arremata\u00e7\u00e3o de um apartamento no Butant\u00e3, em S\u00e3o Paulo (SP), que serviriam para a quita\u00e7\u00e3o de d\u00e9bitos trabalhistas. A decis\u00e3o leva em conta que, no momento da arremata\u00e7\u00e3o na execu\u00e7\u00e3o trabalhista, o im\u00f3vel, avaliado em R$ 1,6\u2026","rel":"","context":"Em &quot;Not\u00edcias&quot;","img":{"alt_text":"","src":"","width":0,"height":0},"classes":[]},{"id":1101,"url":"https:\/\/domingoseadvogados.com.br\/index.php\/2021\/07\/28\/telefonica-tera-de-indenizar-atendente-que-tinha-pausas-para-ir-ao-banheiro-vinculadas-a-remuneracao\/","url_meta":{"origin":24,"position":3},"title":"Telef\u00f4nica ter\u00e1 de indenizar atendente que tinha pausas para ir ao banheiro vinculadas a remunera\u00e7\u00e3o","date":"julho 28, 2021","format":false,"excerpt":"A Sexta Turma do Tribunal Superior do Trabalho condenou a Telef\u00f4nica Brasil S.A., em Maring\u00e1 (PR), a pagar R$ 5 mil de indeniza\u00e7\u00e3o por danos morais a uma atendente por utilizar programa de incentivo condicionado a restri\u00e7\u00e3o de pausas para ir ao banheiro. Al\u00e9m de serem contadas para fins remunerat\u00f3rios,\u2026","rel":"","context":"Em &quot;Not\u00edcias&quot;","img":{"alt_text":"","src":"https:\/\/i0.wp.com\/domingoseadvogados.com.br\/wp-content\/uploads\/2020\/04\/33.jpg?resize=350%2C200&ssl=1","width":350,"height":200},"classes":[]},{"id":649,"url":"https:\/\/domingoseadvogados.com.br\/index.php\/2019\/04\/24\/empresa-que-saiu-de-grupo-economico-apos-sucessao-nao-e-responsavel-por-debito-trabalhista\/","url_meta":{"origin":24,"position":4},"title":"Empresa que saiu de grupo econ\u00f4mico ap\u00f3s sucess\u00e3o n\u00e3o \u00e9 respons\u00e1vel por d\u00e9bito trabalhista","date":"abril 24, 2019","format":false,"excerpt":"A Oitava Turma do Tribunal Superior do Trabalho afastou a responsabilidade solid\u00e1ria da (EMPRESA C) Brasil \u2013 Cr\u00e9dito, Financiamentos e Investimentos pelo cumprimento de decis\u00e3o judicial favor\u00e1vel a uma auxiliar de produ\u00e7\u00e3o. Os ministros aplicaram a jurisprud\u00eancia de que o sucessor n\u00e3o responde solidariamente por d\u00e9bitos trabalhistas de empresa n\u00e3o\u2026","rel":"","context":"Em &quot;Not\u00edcias&quot;","img":{"alt_text":"","src":"https:\/\/i0.wp.com\/domingoseadvogados.com.br\/wp-content\/uploads\/2018\/10\/procedimentos-justi\u00e7a-do-trabalho-1.jpg?resize=350%2C200&ssl=1","width":350,"height":200},"classes":[]},{"id":566,"url":"https:\/\/domingoseadvogados.com.br\/index.php\/2018\/12\/17\/as-verbas-trabalhistas-fazem-parte-dos-bens-comuns-do-casal-em-caso-de-divorcio-ou-separacao\/","url_meta":{"origin":24,"position":5},"title":"AS VERBAS TRABALHISTAS FAZEM PARTE DOS BENS COMUNS DO CASAL EM CASO DE DIV\u00d3RCIO OU SEPARA\u00c7\u00c3O","date":"dezembro 17, 2018","format":false,"excerpt":"\u00c9 pac\u00edfica a jurisprud\u00eancia do Superior Tribunal de Justi\u00e7a de que a verba de natureza trabalhista adquirida e pleiteada, na const\u00e2ncia da uni\u00e3o, comunica-se entre os c\u00f4njuges, devendo, portanto, ser partilhada. Para que o ganho salarial insira-se no monte-part\u00edvel \u00e9 necess\u00e1rio, portanto, que o c\u00f4njuge tenha exercido determinada atividade laborativa\u2026","rel":"","context":"Em &quot;Not\u00edcias&quot;","img":{"alt_text":"","src":"https:\/\/i0.wp.com\/domingoseadvogados.com.br\/wp-content\/uploads\/2018\/10\/direito-trabalhista1-500x281.jpg?resize=350%2C200&ssl=1","width":350,"height":200},"classes":[]}],"_links":{"self":[{"href":"https:\/\/domingoseadvogados.com.br\/index.php\/wp-json\/wp\/v2\/posts\/24"}],"collection":[{"href":"https:\/\/domingoseadvogados.com.br\/index.php\/wp-json\/wp\/v2\/posts"}],"about":[{"href":"https:\/\/domingoseadvogados.com.br\/index.php\/wp-json\/wp\/v2\/types\/post"}],"author":[{"embeddable":true,"href":"https:\/\/domingoseadvogados.com.br\/index.php\/wp-json\/wp\/v2\/users\/1"}],"replies":[{"embeddable":true,"href":"https:\/\/domingoseadvogados.com.br\/index.php\/wp-json\/wp\/v2\/comments?post=24"}],"version-history":[{"count":2,"href":"https:\/\/domingoseadvogados.com.br\/index.php\/wp-json\/wp\/v2\/posts\/24\/revisions"}],"predecessor-version":[{"id":365,"href":"https:\/\/domingoseadvogados.com.br\/index.php\/wp-json\/wp\/v2\/posts\/24\/revisions\/365"}],"wp:featuredmedia":[{"embeddable":true,"href":"https:\/\/domingoseadvogados.com.br\/index.php\/wp-json\/wp\/v2\/media\/442"}],"wp:attachment":[{"href":"https:\/\/domingoseadvogados.com.br\/index.php\/wp-json\/wp\/v2\/media?parent=24"}],"wp:term":[{"taxonomy":"category","embeddable":true,"href":"https:\/\/domingoseadvogados.com.br\/index.php\/wp-json\/wp\/v2\/categories?post=24"},{"taxonomy":"post_tag","embeddable":true,"href":"https:\/\/domingoseadvogados.com.br\/index.php\/wp-json\/wp\/v2\/tags?post=24"}],"curies":[{"name":"wp","href":"https:\/\/api.w.org\/{rel}","templated":true}]}}