{"id":215,"date":"2017-12-11T09:46:02","date_gmt":"2017-12-11T12:46:02","guid":{"rendered":"http:\/\/domingoseadvogados.holdexchange.com\/?p=215"},"modified":"2018-10-10T14:42:14","modified_gmt":"2018-10-10T17:42:14","slug":"pensao-por-morte-para-filha-maior-de-21-anos","status":"publish","type":"post","link":"https:\/\/domingoseadvogados.com.br\/index.php\/2017\/12\/11\/pensao-por-morte-para-filha-maior-de-21-anos\/","title":{"rendered":"Pens\u00e3o por morte para filha maior de 21 anos"},"content":{"rendered":"<h3><strong>Pens\u00e3o por morte para filha maior de 21 anos<\/strong><\/h3>\n<p>Diz a legisla\u00e7\u00e3o (Lei 3373\/58) que caso o funcion\u00e1rio p\u00fablico venha a falecer, sua fam\u00edlia receberia o valor da pens\u00e3o por morte.<\/p>\n<p>Mas h\u00e1 nesta lei (par\u00e1grafo \u00fanico, art. 5\u00ba) uma situa\u00e7\u00e3o bem curiosa, dizendo que caso o falecido tenha uma filha, ela continuaria a receber o benef\u00edcio mesmo ap\u00f3s completar 21 anos de idade, sendo que para isso n\u00e3o poderia ocupar qualquer cargo p\u00fablico.<\/p>\n<p><!--more--><\/p>\n<p>Em tempos de crise, o Tribunal de Contas da Uni\u00e3o resolveu acabar com essas situa\u00e7\u00f5es, e criou uma orienta\u00e7\u00e3o, ouso dizer disfar\u00e7ada de legisla\u00e7\u00e3o, determinando a todos os \u00f3rg\u00e3os que administra, que cancelasse o benef\u00edcio caso esta filha se case, estabele\u00e7a uni\u00e3o est\u00e1vel, receba qualquer tipo de renda que permita sua subsist\u00eancia, se torne vi\u00fava e obviamente ocupe cargo p\u00fablico.<\/p>\n<p>A lei que regula essa situa\u00e7\u00e3o acima indicada, diz que a<strong> filha solteira, maior de 21 (vinte e um) anos, s\u00f3 perder\u00e1 a pens\u00e3o tempor\u00e1ria quando ocupante de cargo p\u00fablico permanente.<\/strong><\/p>\n<p><strong>Dentro desta perspectiva, extra\u00edmos tr\u00eas situa\u00e7\u00f5es ilegais:<\/strong><\/p>\n<p><strong>1\u00ba O Tribunal de Contas da Uni\u00e3o n\u00e3o pode legislar sua mat\u00e9ria previd\u00eancia, pois a Constitui\u00e7\u00e3o Federal em seu artigo 24 afirma que essas leis s\u00f3 podem ser criadas pe<\/strong>la Uni\u00e3o, Estados, Distrito Federal e Munic\u00edpios (art. 24, CF).<\/p>\n<p><strong>2\u00ba A lei aplic\u00e1vel \u00e9 <em>aquela que \u00e9 vigente na data do \u00f3bito do segurado<\/em><\/strong><\/p>\n<p><strong><em>3\u00ba \u00c9<\/em><\/strong> direito l\u00edquido e certo da benefici\u00e1ria quando a situa\u00e7\u00e3o se consolida pelo decurso do tempo, espelhando-se, pois, como <u>ato jur\u00eddico perfeito e <strong>acabado<\/strong><\/u>, pois do contr\u00e1rio estar\u00edamos diante de uma inseguran\u00e7a jur\u00eddica.<\/p>\n<p>Se est\u00e1 dentro dessa realidade, procure nossos servi\u00e7os.<\/p>\n<div id=\"websigner_softplan_com_br\" class=\"websigner_softplan_com_br\" style=\"display: none;\"><\/div>\n","protected":false},"excerpt":{"rendered":"<p>Pens\u00e3o por morte para filha maior de 21 anos Diz a legisla\u00e7\u00e3o (Lei 3373\/58) que caso o funcion\u00e1rio p\u00fablico venha a falecer, sua fam\u00edlia receberia o valor da pens\u00e3o por morte. Mas h\u00e1 nesta lei (par\u00e1grafo \u00fanico, art. 5\u00ba) uma situa\u00e7\u00e3o bem curiosa, dizendo que caso o falecido tenha uma filha, ela continuaria a receber [&hellip;]<\/p>\n","protected":false},"author":2,"featured_media":0,"comment_status":"closed","ping_status":"closed","sticky":false,"template":"","format":"standard","meta":{"_mi_skip_tracking":false,"footnotes":""},"categories":[9],"tags":[],"class_list":["post-215","post","type-post","status-publish","format-standard","hentry","category-noticias"],"jetpack_featured_media_url":"","jetpack-related-posts":[{"id":183,"url":"https:\/\/domingoseadvogados.com.br\/index.php\/2017\/11\/22\/pensao-por-morte\/","url_meta":{"origin":215,"position":0},"title":"Pens\u00e3o por morte","date":"novembro 22, 2017","format":false,"excerpt":"Pens\u00e3o por morte Coisa chata de se falar \u00e9 na morte, e apesar de ser um assunto m\u00f3rbido, quer\u00edamos chamar sua aten\u00e7\u00e3o para algo que envolve o INSS e o segurado falecido. Assim que um segurado do INSS falece, seus dependentes s\u00e3o amparados pela chamada pens\u00e3o por morte. Esse benef\u00edcio\u2026","rel":"","context":"Em &quot;Not\u00edcias&quot;","img":{"alt_text":"","src":"","width":0,"height":0},"classes":[]},{"id":822,"url":"https:\/\/domingoseadvogados.com.br\/index.php\/2020\/03\/27\/pedreiro-vai-receber-pensao-mensal-vitalicia-em-razao-de-problema-lombar\/","url_meta":{"origin":215,"position":1},"title":"Pedreiro vai receber pens\u00e3o mensal vital\u00edcia em raz\u00e3o de problema lombar","date":"mar\u00e7o 27, 2020","format":false,"excerpt":"A Segunda Turma do Tribunal Superior do Trabalho condenou a Montepino Ltda., de S\u00e3o Paulo (SP), ao pagamento de pens\u00e3o vital\u00edcia a um pedreiro acometido de doen\u00e7a lombar. Para a Turma, embora o empregado tenha sido readaptado para a fun\u00e7\u00e3o de inspe\u00e7\u00e3o, a redu\u00e7\u00e3o permanente da capacidade de trabalho constitui,\u2026","rel":"","context":"Em &quot;Not\u00edcias&quot;","img":{"alt_text":"","src":"https:\/\/i0.wp.com\/domingoseadvogados.com.br\/wp-content\/uploads\/2018\/10\/procedimentos-justi\u00e7a-do-trabalho-1.jpg?resize=350%2C200&ssl=1","width":350,"height":200},"classes":[]},{"id":640,"url":"https:\/\/domingoseadvogados.com.br\/index.php\/2019\/04\/03\/seguro-desemprego-condicoes\/","url_meta":{"origin":215,"position":2},"title":"SEGURO DESEMPREGO &#8211; CONDI\u00c7\u00d5ES","date":"abril 3, 2019","format":false,"excerpt":"As condi\u00e7\u00f5es para direito ao seguro desemprego s\u00e3o essas: Ter sido dispensado sem justa causa; Estar desempregado quando do requerimento do benef\u00edcio; N\u00e3o possuir renda pr\u00f3pria de qualquer natureza suficiente \u00e0 sua manuten\u00e7\u00e3o e da sua fam\u00edlia; \u200bN\u00e3o estar em gozo de qualquer benef\u00edcio previdenci\u00e1rio de presta\u00e7\u00e3o continuada, com exce\u00e7\u00e3o\u2026","rel":"","context":"Em &quot;Not\u00edcias&quot;","img":{"alt_text":"","src":"https:\/\/i0.wp.com\/domingoseadvogados.com.br\/wp-content\/uploads\/2018\/10\/renegociando-divida.jpg?resize=350%2C200&ssl=1","width":350,"height":200},"classes":[]},{"id":308,"url":"https:\/\/domingoseadvogados.com.br\/index.php\/2018\/07\/29\/no-termino-do-relacionamento-ha-direito-de-recebimento-da-pensao-de-alimentos\/","url_meta":{"origin":215,"position":3},"title":"No t\u00e9rmino do relacionamento, h\u00e1 direito de recebimento da pens\u00e3o de alimentos?","date":"julho 29, 2018","format":false,"excerpt":"No t\u00e9rmino do relacionamento, h\u00e1 direito de recebimento da pens\u00e3o de alimentos? \u00a0 Seguindo a s\u00e9rie de informa\u00e7\u00f5es sobre os procedimentos a serem adotados com o t\u00e9rmino do relacionamento, informamos neste pequeno trecho sobre a pens\u00e3o de alimentos. Inicialmente cabe esclarecer que a pens\u00e3o aliment\u00edcia tem como finalidade custear as\u2026","rel":"","context":"Em &quot;Not\u00edcias&quot;","img":{"alt_text":"","src":"","width":0,"height":0},"classes":[]},{"id":247,"url":"https:\/\/domingoseadvogados.com.br\/index.php\/2018\/01\/25\/revisao-do-art-29-da-lei-de-beneficios\/","url_meta":{"origin":215,"position":4},"title":"Revis\u00e3o do art. 29 da Lei de Benef\u00edcios","date":"janeiro 25, 2018","format":false,"excerpt":"Revis\u00e3o do art. 29 da Lei de Benef\u00edcios Quem obteve benef\u00edcios previdenci\u00e1rios do INSS entre 1999 e 2009, pode ter sofrido algumas perdas significativas. \u00c9 que o INSS ao inv\u00e9s de calcular os benef\u00edcios descartando 20% das menores contribui\u00e7\u00f5es, se utilizou de um decreto e usava todas as contribui\u00e7\u00f5es ap\u00f3s\u2026","rel":"","context":"Em &quot;Not\u00edcias&quot;","img":{"alt_text":"","src":"","width":0,"height":0},"classes":[]},{"id":282,"url":"https:\/\/domingoseadvogados.com.br\/index.php\/2018\/04\/25\/reconhecimento-de-multiparentalidade-esta-condicionado-ao-interesse-da-crianca\/","url_meta":{"origin":215,"position":5},"title":"Reconhecimento de multiparentalidade est\u00e1 condicionado ao interesse da crian\u00e7a","date":"abril 25, 2018","format":false,"excerpt":"Reconhecimento de multiparentalidade est\u00e1 condicionado ao interesse da crian\u00e7a A Terceira Turma do Superior Tribunal de Justi\u00e7a (STJ) negou provimento ao recurso por meio do qual uma mulher pretendia assegurar que sua filha tivesse o pai socioafetivo e o pai biol\u00f3gico reconhecidos concomitantemente no registro civil. A multiparentalidade \u00e9 uma\u2026","rel":"","context":"Em &quot;Not\u00edcias&quot;","img":{"alt_text":"","src":"","width":0,"height":0},"classes":[]}],"_links":{"self":[{"href":"https:\/\/domingoseadvogados.com.br\/index.php\/wp-json\/wp\/v2\/posts\/215"}],"collection":[{"href":"https:\/\/domingoseadvogados.com.br\/index.php\/wp-json\/wp\/v2\/posts"}],"about":[{"href":"https:\/\/domingoseadvogados.com.br\/index.php\/wp-json\/wp\/v2\/types\/post"}],"author":[{"embeddable":true,"href":"https:\/\/domingoseadvogados.com.br\/index.php\/wp-json\/wp\/v2\/users\/2"}],"replies":[{"embeddable":true,"href":"https:\/\/domingoseadvogados.com.br\/index.php\/wp-json\/wp\/v2\/comments?post=215"}],"version-history":[{"count":2,"href":"https:\/\/domingoseadvogados.com.br\/index.php\/wp-json\/wp\/v2\/posts\/215\/revisions"}],"predecessor-version":[{"id":412,"href":"https:\/\/domingoseadvogados.com.br\/index.php\/wp-json\/wp\/v2\/posts\/215\/revisions\/412"}],"wp:attachment":[{"href":"https:\/\/domingoseadvogados.com.br\/index.php\/wp-json\/wp\/v2\/media?parent=215"}],"wp:term":[{"taxonomy":"category","embeddable":true,"href":"https:\/\/domingoseadvogados.com.br\/index.php\/wp-json\/wp\/v2\/categories?post=215"},{"taxonomy":"post_tag","embeddable":true,"href":"https:\/\/domingoseadvogados.com.br\/index.php\/wp-json\/wp\/v2\/tags?post=215"}],"curies":[{"name":"wp","href":"https:\/\/api.w.org\/{rel}","templated":true}]}}