{"id":173,"date":"2017-11-19T12:16:47","date_gmt":"2017-11-19T15:16:47","guid":{"rendered":"http:\/\/domingoseadvogados.holdexchange.com\/?p=173"},"modified":"2018-10-10T15:00:15","modified_gmt":"2018-10-10T18:00:15","slug":"significado-strictu-sensu","status":"publish","type":"post","link":"https:\/\/domingoseadvogados.com.br\/index.php\/2017\/11\/19\/significado-strictu-sensu\/","title":{"rendered":"Significado strictu sensu"},"content":{"rendered":"<h3><strong>Significado strictu sensu<\/strong><\/h3>\n<p>Pode parecer estranho, mas muitas pessoas j\u00e1 tiveram contato com algumas palavras em latim sem t\u00e3o pouco se dar conta do seu verdadeiro significado.<br \/>\nAcredito que uma das palavras mais usadas \u00e9 a palavra stricto sensu, que vem a significar &#8220;em sentido estrito&#8221;.<\/p>\n<p><!--more--><br \/>\nTal express\u00e3o latina \u00e9 muito utilizada no Brasil pelo sistema de ensino, especialmente nos cursos de p\u00f3s-gradua\u00e7\u00e3o.<br \/>\nSe voc\u00ea ler e interpretar a frase chega logo a conclus\u00e3o de que \u201cem sentido estrito\u201d ou \u201cstrictu sensu\u201d \u00e9 mais voltado para algo bem determinado, ou algo mais particular e espec\u00edfico.<br \/>\nExemplo: se voc\u00ea vai estudar alguma teoria, ter\u00e1 que se aprofundar nela e extrair o m\u00e1ximo que puder para seu entendimento completo.<br \/>\nEntendeu?<\/p>\n","protected":false},"excerpt":{"rendered":"<p>Significado strictu sensu Pode parecer estranho, mas muitas pessoas j\u00e1 tiveram contato com algumas palavras em latim sem t\u00e3o pouco se dar conta do seu verdadeiro significado. Acredito que uma das palavras mais usadas \u00e9 a palavra stricto sensu, que vem a significar &#8220;em sentido estrito&#8221;.<\/p>\n","protected":false},"author":2,"featured_media":0,"comment_status":"closed","ping_status":"closed","sticky":false,"template":"","format":"standard","meta":{"_exactmetrics_skip_tracking":false,"footnotes":""},"categories":[9],"tags":[],"class_list":["post-173","post","type-post","status-publish","format-standard","hentry","category-noticias"],"jetpack_featured_media_url":"","jetpack-related-posts":[{"id":672,"url":"https:\/\/domingoseadvogados.com.br\/index.php\/2019\/05\/23\/prazo-prescricional-para-acao-que-busca-reparacao-civil-contratual-e-de-dez-anos\/","url_meta":{"origin":173,"position":0},"title":"Prazo prescricional para a\u00e7\u00e3o que busca repara\u00e7\u00e3o civil contratual \u00e9 de dez anos","date":"maio 23, 2019","format":false,"excerpt":"\u00c9 de dez anos o prazo prescricional a ser considerado nos casos de repara\u00e7\u00e3o civil com base em inadimplemento contratual, aplicando-se o artigo 205 do C\u00f3digo Civil. O entendimento da Corte Especial consolidou a posi\u00e7\u00e3o do Superior Tribunal de Justi\u00e7a (STJ) sobre o tema. O colegiado deu provimento ao recurso\u2026","rel":"","context":"Em &quot;Not\u00edcias&quot;","img":{"alt_text":"","src":"https:\/\/i0.wp.com\/domingoseadvogados.com.br\/wp-content\/uploads\/2018\/10\/rsz_justi\u00e7a.jpg?resize=350%2C200&ssl=1","width":350,"height":200},"classes":[]},{"id":273,"url":"https:\/\/domingoseadvogados.com.br\/index.php\/2018\/03\/17\/como-alguem-pode-ser-obrigado-a-fazer-algo\/","url_meta":{"origin":173,"position":1},"title":"Como algu\u00e9m pode ser obrigado a fazer algo","date":"mar\u00e7o 17, 2018","format":false,"excerpt":"Como algu\u00e9m pode ser obrigado a fazer algo Existem momentos na vida de uma pessoa em que ela se v\u00ea perdida com as a\u00e7\u00f5es e omiss\u00f5es de terceiros, temos como exemplo: 1)\u00a0\u00a0\u00a0\u00a0\u00a0a entrega de um cheque para garantia de uma d\u00edvida, com sua posterior devolu\u00e7\u00e3o; 2)\u00a0\u00a0\u00a0\u00a0\u00a0a venda de ve\u00edculo \u00e0\u2026","rel":"","context":"Em &quot;Not\u00edcias&quot;","img":{"alt_text":"","src":"","width":0,"height":0},"classes":[]},{"id":195,"url":"https:\/\/domingoseadvogados.com.br\/index.php\/2017\/11\/28\/regras-para-aposentadoria\/","url_meta":{"origin":173,"position":2},"title":"Regras para aposentadoria","date":"novembro 28, 2017","format":false,"excerpt":"Regras para aposentadoria Muitas pessoas perguntam como \u00e9 a regra para se aposentar, e visando esclarecer um pouco, elas s\u00e3o as seguintes: Se voc\u00ea \u00e9 homem, tem 60 anos e trabalha desde 1982, voc\u00ea j\u00e1 pode se aposentar, pois entra na regra da soma da idade com o tempo de\u2026","rel":"","context":"Em &quot;Not\u00edcias&quot;","img":{"alt_text":"","src":"","width":0,"height":0},"classes":[]},{"id":245,"url":"https:\/\/domingoseadvogados.com.br\/index.php\/2018\/01\/23\/revisao-de-beneficios-inss-buraco-negro\/","url_meta":{"origin":173,"position":3},"title":"Revis\u00e3o de Benef\u00edcios INSS &#8211; Buraco Negro","date":"janeiro 23, 2018","format":false,"excerpt":"Revis\u00e3o de Benef\u00edcios INSS - Buraco Negro Acreditamos que voc\u00ea j\u00e1 tenha ouvido falar sobre \u201cBURACO NEGRO\u201d nos casos de benef\u00edcios concedidos pelo INSS. A Constitui\u00e7\u00e3o Federal determinou a organiza\u00e7\u00e3o do sistema previdenci\u00e1rio na forma de regime geral, e isto somente ocorreu com a Lei 8.213\/91. Nesta lei foi determinado\u2026","rel":"","context":"Em &quot;Not\u00edcias&quot;","img":{"alt_text":"","src":"","width":0,"height":0},"classes":[]},{"id":630,"url":"https:\/\/domingoseadvogados.com.br\/index.php\/2019\/03\/20\/acao-de-execucao-de-titulo-extrajudicial-pode-incluir-parcelas-a-vencer-no-curso-do-processo\/","url_meta":{"origin":173,"position":4},"title":"A\u00e7\u00e3o de execu\u00e7\u00e3o de t\u00edtulo extrajudicial pode incluir parcelas a vencer no curso do processo","date":"mar\u00e7o 20, 2019","format":false,"excerpt":"A Terceira Turma do Superior Tribunal de Justi\u00e7a (STJ) decidiu que \u00e9 poss\u00edvel incluir, em a\u00e7\u00e3o de execu\u00e7\u00e3o de t\u00edtulo extrajudicial, as parcelas vincendas no d\u00e9bito exequendo at\u00e9 o cumprimento integral da obriga\u00e7\u00e3o no curso do processo. A decis\u00e3o foi dada em recurso apresentado por um condom\u00ednio contra ac\u00f3rd\u00e3o do\u2026","rel":"","context":"Em &quot;Not\u00edcias&quot;","img":{"alt_text":"","src":"https:\/\/i0.wp.com\/domingoseadvogados.com.br\/wp-content\/uploads\/2018\/10\/foto-contador-calculadora-relatorios.jpg?resize=350%2C200&ssl=1","width":350,"height":200},"classes":[]},{"id":509,"url":"https:\/\/domingoseadvogados.com.br\/index.php\/2018\/10\/11\/estabilidade-da-gestante\/","url_meta":{"origin":173,"position":5},"title":"Estabilidade da Gestante","date":"outubro 11, 2018","format":false,"excerpt":"O direito \u00e0 estabilidade n\u00e3o depende de conhecimento pr\u00e9vio da gravidez. O Plen\u00e1rio do Supremo Tribunal Federal, na sess\u00e3o plen\u00e1ria desta quarta-feira (10), assentou que o desconhecimento da gravidez no momento da dispensa da empregada n\u00e3o afasta a responsabilidade do empregador pelo pagamento da indeniza\u00e7\u00e3o por estabilidade. A decis\u00e3o confirma\u2026","rel":"","context":"Em &quot;Not\u00edcias&quot;","img":{"alt_text":"","src":"","width":0,"height":0},"classes":[]}],"_links":{"self":[{"href":"https:\/\/domingoseadvogados.com.br\/index.php\/wp-json\/wp\/v2\/posts\/173"}],"collection":[{"href":"https:\/\/domingoseadvogados.com.br\/index.php\/wp-json\/wp\/v2\/posts"}],"about":[{"href":"https:\/\/domingoseadvogados.com.br\/index.php\/wp-json\/wp\/v2\/types\/post"}],"author":[{"embeddable":true,"href":"https:\/\/domingoseadvogados.com.br\/index.php\/wp-json\/wp\/v2\/users\/2"}],"replies":[{"embeddable":true,"href":"https:\/\/domingoseadvogados.com.br\/index.php\/wp-json\/wp\/v2\/comments?post=173"}],"version-history":[{"count":2,"href":"https:\/\/domingoseadvogados.com.br\/index.php\/wp-json\/wp\/v2\/posts\/173\/revisions"}],"predecessor-version":[{"id":425,"href":"https:\/\/domingoseadvogados.com.br\/index.php\/wp-json\/wp\/v2\/posts\/173\/revisions\/425"}],"wp:attachment":[{"href":"https:\/\/domingoseadvogados.com.br\/index.php\/wp-json\/wp\/v2\/media?parent=173"}],"wp:term":[{"taxonomy":"category","embeddable":true,"href":"https:\/\/domingoseadvogados.com.br\/index.php\/wp-json\/wp\/v2\/categories?post=173"},{"taxonomy":"post_tag","embeddable":true,"href":"https:\/\/domingoseadvogados.com.br\/index.php\/wp-json\/wp\/v2\/tags?post=173"}],"curies":[{"name":"wp","href":"https:\/\/api.w.org\/{rel}","templated":true}]}}