{"id":1161,"date":"2023-08-09T16:45:25","date_gmt":"2023-08-09T19:45:25","guid":{"rendered":"https:\/\/domingoseadvogados.com.br\/?p=1161"},"modified":"2023-08-09T16:45:27","modified_gmt":"2023-08-09T19:45:27","slug":"empresa-de-vigilancia-e-condenada-por-assedio-sexual-contra-empregadas","status":"publish","type":"post","link":"https:\/\/domingoseadvogados.com.br\/index.php\/2023\/08\/09\/empresa-de-vigilancia-e-condenada-por-assedio-sexual-contra-empregadas\/","title":{"rendered":"Empresa de vigil\u00e2ncia \u00e9 condenada por ass\u00e9dio sexual contra empregadas"},"content":{"rendered":"\n<p>Uma empresa de vigil\u00e2ncia do Paran\u00e1 (PR) foi condenada por dano moral coletivo em raz\u00e3o do ass\u00e9dio sexual praticado por um superior hier\u00e1rquico a duas vigilantes. A decis\u00e3o \u00e9 da S\u00e9tima Turma do Tribunal Superior do Trabalho, que determinou que os efeitos da condena\u00e7\u00e3o se estendam a todas as localidades e estabelecimentos da empresa.<\/p>\n\n\n\n<h4 class=\"wp-block-heading\">Tentativas de beijo<\/h4>\n\n\n\n<p>O caso surgiu a partir de den\u00fancia ao Minist\u00e9rio P\u00fablico do Trabalho (MPT) de que o chefe das duas vigilantes havia tentado dar beijos na boca e pegar nas pernas das terceirizadas. Uma delas contou que era chamada de \u201cdel\u00edcia\u201d, recebia mensagens libidinosas no celular e ouvia coment\u00e1rios intimidadores, como \u201cseu contrato est\u00e1 acabando\u201d, referindo-se ao contrato de experi\u00eancia.<\/p>\n\n\n\n<h4 class=\"wp-block-heading\">Massagem<\/h4>\n\n\n\n<p>J\u00e1 a segunda vigilante, lotada no mesmo setor, narrou que bastou uma semana para o superior lhe tratar de forma diferente, fazendo quest\u00e3o de cumpriment\u00e1-la com beijos, \u201cinclusive no canto da boca\u201d, e fazendo elogios \u00e0 sua beleza. Tempos depois, disse que o ass\u00e9dio foi se intensificando com mensagens no celular, por meio do qual &nbsp;dizia que queria fazer massagem, que ela era \u201cgostosa\u201d e convidando-a para sair.<\/p>\n\n\n\n<p>As vigilantes disseram que haviam comunicado a situa\u00e7\u00e3o ao Help Line, servi\u00e7o de reclama\u00e7\u00e3o disponibilizado pela empresa, mas nada foi feito. Mais tarde, a den\u00fancia foi considerada improcedente. O processo interno correu em segredo de justi\u00e7a.<\/p>\n\n\n\n<h4 class=\"wp-block-heading\">Investiga\u00e7\u00e3o<\/h4>\n\n\n\n<p>Em contesta\u00e7\u00e3o, a empresa disse que havia conduzido investiga\u00e7\u00e3o para apurar&nbsp;os fatos e ouvido o empregado, que negou o ass\u00e9dio e disse que n\u00e3o era superior hier\u00e1rquico das funcion\u00e1rias, pois prestava servi\u00e7os em outra unidade.<\/p>\n\n\n\n<h4 class=\"wp-block-heading\">A\u00e7\u00e3o civil p\u00fablica<\/h4>\n\n\n\n<p>Diante disso, o MPT ajuizou a\u00e7\u00e3o civil p\u00fablica no Tribunal Regional do Trabalho da 9\u00aa Regi\u00e3o (PR) com pedindo dano moral coletivo. Tamb\u00e9m expediu uma recomenda\u00e7\u00e3o \u00e0 empresa para instituir uma ordem de servi\u00e7o a respeito de ass\u00e9dio sexual e estabelecer um mecanismo de recebimento de den\u00fancias e investiga\u00e7\u00f5es de ass\u00e9dio, por meio de sua ouvidoria.<\/p>\n\n\n\n<h4 class=\"wp-block-heading\">Situa\u00e7\u00e3o vexat\u00f3ria<\/h4>\n\n\n\n<p>Ao julgar o caso, o TRT condenou a empresa ao pagamento de R$ 150 mil de indeniza\u00e7\u00e3o por dano moral coletivo, fundado na omiss\u00e3o na tomada de medidas apropriadas, preventivas ou posteriores aos fatos, para evitar a situa\u00e7\u00e3o vexat\u00f3ria vivida pelas empregadas. \u201cA empresa deixou de zelar pela integridade f\u00edsica e moral das trabalhadoras que lhes prestavam servi\u00e7os\u201d, diz a decis\u00e3o.<\/p>\n\n\n\n<h4 class=\"wp-block-heading\">Coletividade<\/h4>\n\n\n\n<p>No recurso ao TST, a empresa disse que n\u00e3o negava a ocorr\u00eancia das condutas noticiadas, mas argumentou que a situa\u00e7\u00e3o dizia respeito a apenas duas vigilantes. \u201cA mera exist\u00eancia de um ato ou fato a ser coibido por interm\u00e9dio de uma a\u00e7\u00e3o civil p\u00fablica n\u00e3o gera a presun\u00e7\u00e3o de exist\u00eancia de danos morais \u00e0 coletividade\u201d, questionou.<\/p>\n\n\n\n<h4 class=\"wp-block-heading\">Omiss\u00e3o<\/h4>\n\n\n\n<p>O relator do recurso de revista, ministro Evandro Valad\u00e3o, observou que, diante das den\u00fancias, a empresa tomou apenas o depoimento do empregado acusado de ass\u00e9dio no procedimento interno para apurar as alega\u00e7\u00f5es contra ele. O sistema help line, al\u00e9m de pouco divulgado, tamb\u00e9m n\u00e3o se mostrou eficaz, pois n\u00e3o gerou a abertura de nenhum procedimento.&nbsp;<\/p>\n\n\n\n<h4 class=\"wp-block-heading\">Dano moral coletivo<\/h4>\n\n\n\n<p>Quanto \u00e0 quest\u00e3o do dano moral coletivo, o ministro explicou que ele ultrapassa a esfera de interesse meramente particular do ser humano, por mais que a conduta ofensora atinja, igualmente, a esfera privada de indiv\u00edduos. A indeniza\u00e7\u00e3o, assim, deve ser suficiente para reparar a les\u00e3o identificada.<\/p>\n\n\n\n<p>Por isso, o valor fixado pelo TRT foi considerado razo\u00e1vel, diante da extens\u00e3o do dano e do car\u00e1ter pedag\u00f3gico da medida.<\/p>\n\n\n\n<p>Fonte Not\u00edcias  TST 07\/08\/2023<\/p>\n","protected":false},"excerpt":{"rendered":"<p>Uma empresa de vigil\u00e2ncia do Paran\u00e1 (PR) foi condenada por dano moral coletivo em raz\u00e3o do ass\u00e9dio sexual praticado por um superior hier\u00e1rquico a duas vigilantes. A decis\u00e3o \u00e9 da S\u00e9tima Turma do Tribunal Superior do Trabalho, que determinou que os efeitos da condena\u00e7\u00e3o se estendam a todas as localidades e estabelecimentos da empresa. Tentativas [&hellip;]<\/p>\n","protected":false},"author":2,"featured_media":844,"comment_status":"closed","ping_status":"closed","sticky":false,"template":"","format":"standard","meta":{"_mi_skip_tracking":false,"footnotes":""},"categories":[9],"tags":[],"class_list":["post-1161","post","type-post","status-publish","format-standard","has-post-thumbnail","hentry","category-noticias"],"jetpack_featured_media_url":"https:\/\/domingoseadvogados.com.br\/wp-content\/uploads\/2020\/04\/33.jpg","jetpack-related-posts":[{"id":1054,"url":"https:\/\/domingoseadvogados.com.br\/index.php\/2021\/05\/06\/rede-varejista-e-condenada-por-assedio-moral-a-empregado-com-deficiencia-mental\/","url_meta":{"origin":1161,"position":0},"title":"Rede varejista \u00e9 condenada por ass\u00e9dio moral a empregado com defici\u00eancia mental","date":"maio 6, 2021","format":false,"excerpt":"A Quinta Turma do Tribunal Superior do Trabalho condenou a Havan Lojas de Departamentos Ltda. a pagar indeniza\u00e7\u00e3o de R$ 100 mil a um empregado com defici\u00eancia mental por ass\u00e9dio moral. As ofensas, baseadas na sua condi\u00e7\u00e3o de sa\u00fade, eram praticadas por seguran\u00e7as de uma loja da rede em Florian\u00f3polis\u2026","rel":"","context":"Em &quot;Not\u00edcias&quot;","img":{"alt_text":"","src":"https:\/\/i0.wp.com\/domingoseadvogados.com.br\/wp-content\/uploads\/2020\/04\/33.jpg?resize=350%2C200&ssl=1","width":350,"height":200},"classes":[]},{"id":956,"url":"https:\/\/domingoseadvogados.com.br\/index.php\/2020\/11\/01\/rede-de-lanchonete-e-condenada-por-assedio-moral-comprovado-contra-atendente\/","url_meta":{"origin":1161,"position":1},"title":"Rede de lanchonete \u00e9 condenada por ass\u00e9dio moral comprovado contra atendente","date":"novembro 1, 2020","format":false,"excerpt":"Uma loja da (suprimido) , em Varginha\u00a0(MG), foi condenada pela Segunda Turma do Tribunal Superior do Trabalho a pagar indeniza\u00e7\u00e3o de R$ 20 mil a uma ex-atendente, v\u00edtima de ass\u00e9dio moral pelo gerente. O recurso \u00e9 da trabalhadora, que pediu o aumento da condena\u00e7\u00e3o, fixada em R$ 2 mil pela\u2026","rel":"","context":"Em &quot;Not\u00edcias&quot;","img":{"alt_text":"","src":"https:\/\/i0.wp.com\/domingoseadvogados.com.br\/wp-content\/uploads\/2020\/04\/33.jpg?resize=350%2C200&ssl=1","width":350,"height":200},"classes":[]},{"id":1107,"url":"https:\/\/domingoseadvogados.com.br\/index.php\/2021\/07\/31\/mae-que-faltava-ao-trabalho-para-amamentar-filha-tem-justa-causa-revertida\/","url_meta":{"origin":1161,"position":2},"title":"M\u00e3e que faltava ao trabalho para amamentar filha tem justa causa revertida","date":"julho 31, 2021","format":false,"excerpt":"Uma auxiliar de produ\u00e7\u00e3o da Kromberg e Schubert do Brasil Ltda., em Mafra-SC, demitida por faltar ao servi\u00e7o,\u00a0teve justa causa revertida pela Justi\u00e7a do Trabalho. A decis\u00e3o \u00e9 da Segunda Turma do Tribunal Superior do Trabalho, que rejeitou o recurso da empresa com pedido para manter a penalidade. Os ministros\u2026","rel":"","context":"Em &quot;Not\u00edcias&quot;","img":{"alt_text":"","src":"https:\/\/i0.wp.com\/domingoseadvogados.com.br\/wp-content\/uploads\/2020\/04\/33.jpg?resize=350%2C200&ssl=1","width":350,"height":200},"classes":[]},{"id":595,"url":"https:\/\/domingoseadvogados.com.br\/index.php\/2019\/02\/13\/transportadora-e-condenada-por-revistar-motorista-com-contato-fisico\/","url_meta":{"origin":1161,"position":3},"title":"Transportadora \u00e9 condenada por revistar motorista com contato f\u00edsico","date":"fevereiro 13, 2019","format":false,"excerpt":"A Sexta Turma do Tribunal Superior do Trabalho condenou a (..) empresa de transporte de medicamentos de Itapevi (SP), a pagar indeniza\u00e7\u00e3o de R$ 10 mil a t\u00edtulo de danos morais a um motorista que era submetido a revistas nos punhos, na cintura e nas canelas. A Turma seguiu a\u2026","rel":"","context":"Em &quot;Not\u00edcias&quot;","img":{"alt_text":"","src":"","width":0,"height":0},"classes":[]},{"id":803,"url":"https:\/\/domingoseadvogados.com.br\/index.php\/2020\/02\/14\/empresa-de-onibus-e-condenada-por-exigir-ressarcimento-de-avarias-e-roubos\/","url_meta":{"origin":1161,"position":4},"title":"Empresa de \u00f4nibus \u00e9 condenada por exigir ressarcimento de avarias e roubos","date":"fevereiro 14, 2020","format":false,"excerpt":"A Quinta Turma do Tribunal Superior do Trabalho restabeleceu o valor original da condena\u00e7\u00e3o aplicada \u00e0 Empresa de Transportes Braso Lisboa Ltda., do Rio de Janeiro (RJ), por exig\u00eancias ilegais impostas a seus empregados, e aplicou multa de R$ 1 mil em caso de descumprimento das obriga\u00e7\u00f5es estabelecidas na senten\u00e7a.\u2026","rel":"","context":"Em &quot;Not\u00edcias&quot;","img":{"alt_text":"","src":"https:\/\/i0.wp.com\/domingoseadvogados.com.br\/wp-content\/uploads\/2018\/10\/direito-trabalhista1-500x281.jpg?resize=350%2C200&ssl=1","width":350,"height":200},"classes":[]},{"id":1011,"url":"https:\/\/domingoseadvogados.com.br\/index.php\/2021\/02\/19\/empresa-e-condenada-por-registrar-licencas-medicas-na-carteira-de-trabalho-de-empregada\/","url_meta":{"origin":1161,"position":5},"title":"Empresa \u00e9 condenada por registrar licen\u00e7as m\u00e9dicas na carteira de trabalho de empregada","date":"fevereiro 19, 2021","format":false,"excerpt":"A Subse\u00e7\u00e3o I Especializada em Diss\u00eddios Individuais (SDI-1) do Tribunal Superior do Trabalho, restabeleceu a condena\u00e7\u00e3o imposta \u00e0 Cencosud Brasil S.A. ao pagamento de indeniza\u00e7\u00e3o de R$ 2.500 a uma comerci\u00e1ria de Aracaju (SE), por ter registrado as licen\u00e7as m\u00e9dicas em sua carteira de trabalho. Para o colegiado, a medida\u2026","rel":"","context":"Em &quot;Not\u00edcias&quot;","img":{"alt_text":"","src":"https:\/\/i0.wp.com\/domingoseadvogados.com.br\/wp-content\/uploads\/2020\/04\/33.jpg?resize=350%2C200&ssl=1","width":350,"height":200},"classes":[]}],"_links":{"self":[{"href":"https:\/\/domingoseadvogados.com.br\/index.php\/wp-json\/wp\/v2\/posts\/1161"}],"collection":[{"href":"https:\/\/domingoseadvogados.com.br\/index.php\/wp-json\/wp\/v2\/posts"}],"about":[{"href":"https:\/\/domingoseadvogados.com.br\/index.php\/wp-json\/wp\/v2\/types\/post"}],"author":[{"embeddable":true,"href":"https:\/\/domingoseadvogados.com.br\/index.php\/wp-json\/wp\/v2\/users\/2"}],"replies":[{"embeddable":true,"href":"https:\/\/domingoseadvogados.com.br\/index.php\/wp-json\/wp\/v2\/comments?post=1161"}],"version-history":[{"count":1,"href":"https:\/\/domingoseadvogados.com.br\/index.php\/wp-json\/wp\/v2\/posts\/1161\/revisions"}],"predecessor-version":[{"id":1162,"href":"https:\/\/domingoseadvogados.com.br\/index.php\/wp-json\/wp\/v2\/posts\/1161\/revisions\/1162"}],"wp:featuredmedia":[{"embeddable":true,"href":"https:\/\/domingoseadvogados.com.br\/index.php\/wp-json\/wp\/v2\/media\/844"}],"wp:attachment":[{"href":"https:\/\/domingoseadvogados.com.br\/index.php\/wp-json\/wp\/v2\/media?parent=1161"}],"wp:term":[{"taxonomy":"category","embeddable":true,"href":"https:\/\/domingoseadvogados.com.br\/index.php\/wp-json\/wp\/v2\/categories?post=1161"},{"taxonomy":"post_tag","embeddable":true,"href":"https:\/\/domingoseadvogados.com.br\/index.php\/wp-json\/wp\/v2\/tags?post=1161"}],"curies":[{"name":"wp","href":"https:\/\/api.w.org\/{rel}","templated":true}]}}