{"id":1122,"date":"2021-10-26T09:00:00","date_gmt":"2021-10-26T12:00:00","guid":{"rendered":"http:\/\/domingoseadvogados.com.br\/?p=1122"},"modified":"2021-10-25T15:26:10","modified_gmt":"2021-10-25T18:26:10","slug":"mantida-indenizacao-a-tecnico-de-manutencao-dispensado-por-telefone","status":"publish","type":"post","link":"https:\/\/domingoseadvogados.com.br\/index.php\/2021\/10\/26\/mantida-indenizacao-a-tecnico-de-manutencao-dispensado-por-telefone\/","title":{"rendered":"Mantida indeniza\u00e7\u00e3o a t\u00e9cnico de manuten\u00e7\u00e3o dispensado por telefone"},"content":{"rendered":"\n<p>Por maioria de votos, a S\u00e9tima Turma do Tribunal Superior do Trabalho rejeitou o exame do recurso da Oi S.A. contra a condena\u00e7\u00e3o ao pagamento de indeniza\u00e7\u00e3o a um t\u00e9cnico de manuten\u00e7\u00e3o dispensado por telefone. Um dos pontos considerados pelo colegiado foi o fato de que o contrato j\u00e1 durava mais de sete anos, o que revela certa estabilidade na rela\u00e7\u00e3o e refor\u00e7a a presun\u00e7\u00e3o de confian\u00e7a entre as partes.<\/p>\n\n\n\n<h4 class=\"wp-block-heading\">Ser descart\u00e1vel<\/h4>\n\n\n\n<p>O t\u00e9cnico foi empregado da Indel Engenharia e Servi\u00e7os Ltda., de Maring\u00e1 (PR), de julho de 2002 a fevereiro de 2010 e prestava servi\u00e7os para a Brasil Telecom S.A. (atual Oi). Na reclama\u00e7\u00e3o trabalhista, ele disse que, no dia da dispensa, estava numa esta\u00e7\u00e3o da telef\u00f4nica quando recebeu uma liga\u00e7\u00e3o em que lhe disseram para largar tudo e entregar as ferramentas. Segundo ele, esse procedimento o ofendeu profundamente, pois fora tratado&nbsp;&#8220;como um ser descart\u00e1vel\u201d, com \u201ctotal descaso e desrespeito\u201d.<\/p>\n\n\n\n<h4 class=\"wp-block-heading\">Humilha\u00e7\u00e3o<\/h4>\n\n\n\n<p>O ju\u00edzo de primeiro grau julgou improcedente o pedido de indeniza\u00e7\u00e3o. Mas, para o&nbsp;Tribunal Regional do Trabalho da 9\u00aa Regi\u00e3o (PR), a comunica\u00e7\u00e3o fria da ruptura contratual \u00e9 capaz de gerar sentimentos de humilha\u00e7\u00e3o, dor e inseguran\u00e7a ao empregado. Assim, reformou a senten\u00e7a e condenou as empresas ao pagamento de R$ 10 mil de repara\u00e7\u00e3o.<\/p>\n\n\n\n<h4 class=\"wp-block-heading\">Frieza<\/h4>\n\n\n\n<p>No julgamento do recurso de revista da Oi, prevaleceu o voto do ministro Cl\u00e1udio Brand\u00e3o, que destacou que todo relacionamento rompido de forma unilateral envolve dissabores e questionamentos. No caso especial do v\u00ednculo de emprego, h\u00e1 ainda a inseguran\u00e7a do trabalhador de perder renda, a incerteza de conseguir nova coloca\u00e7\u00e3o num mercado de trabalho cada vez mais restrito e competitivo, al\u00e9m de todas as repercuss\u00f5es nas esferas patrimonial, pessoal e familiar do trabalhador.<\/p>\n\n\n\n<p>Dessa forma, ele considera razo\u00e1vel esperar que o empregador tome certos cuidados ao comunicar a ruptura do contrato, a fim de minimizar os efeitos negativos da decis\u00e3o na vida do empregado. \u201cSe n\u00e3o for poss\u00edvel, em raz\u00e3o das peculiaridades da situa\u00e7\u00e3o, pode-se suavizar a frieza do contato telem\u00e1tico com a escolha das melhores palavras, da melhor oportunidade e at\u00e9 da ferramenta mais adequada\u201d, assinalou.&nbsp;<\/p>\n\n\n\n<h4 class=\"wp-block-heading\">Confian\u00e7a<\/h4>\n\n\n\n<p>O ministro destacou, ainda, que o contrato j\u00e1 durava mais de sete anos, fato que revela certa estabilidade na rela\u00e7\u00e3o e refor\u00e7a a presun\u00e7\u00e3o de confian\u00e7a entre as partes. \u201cA dispensa por telefone, sem elementos que justifiquem sua necessidade ou demonstrem que, de alguma outra forma, a empresa teve o cuidado de minimizar os impactos da not\u00edcia, caracteriza o dano moral pass\u00edvel de repara\u00e7\u00e3o\u201d, concluiu.<\/p>\n\n\n\n<p>Ficou vencido o ministro Evandro Valad\u00e3o (relator).<\/p>\n\n\n\n<p>Fonte TST &#8211; (MC\/CF) Processo: RR-0001037-48.2010.5.09.0095<\/p>\n","protected":false},"excerpt":{"rendered":"<p>Por maioria de votos, a S\u00e9tima Turma do Tribunal Superior do Trabalho rejeitou o exame do recurso da Oi S.A. contra a condena\u00e7\u00e3o ao pagamento de indeniza\u00e7\u00e3o a um t\u00e9cnico de manuten\u00e7\u00e3o dispensado por telefone. Um dos pontos considerados pelo colegiado foi o fato de que o contrato j\u00e1 durava mais de sete anos, o [&hellip;]<\/p>\n","protected":false},"author":2,"featured_media":844,"comment_status":"closed","ping_status":"closed","sticky":false,"template":"","format":"standard","meta":{"_mi_skip_tracking":false,"footnotes":""},"categories":[9],"tags":[4],"class_list":["post-1122","post","type-post","status-publish","format-standard","has-post-thumbnail","hentry","category-noticias","tag-trabalhista"],"jetpack_featured_media_url":"https:\/\/domingoseadvogados.com.br\/wp-content\/uploads\/2020\/04\/33.jpg","jetpack-related-posts":[{"id":1046,"url":"https:\/\/domingoseadvogados.com.br\/index.php\/2021\/05\/01\/instalador-de-telefonia-recebera-indenizacao-por-trabalhar-em-ambiente-sujo-e-sem-agua-potavel\/","url_meta":{"origin":1122,"position":0},"title":"Instalador de telefonia receber\u00e1 indeniza\u00e7\u00e3o por trabalhar em ambiente sujo e sem \u00e1gua pot\u00e1vel","date":"maio 1, 2021","format":false,"excerpt":"A Segunda Turma do Tribunal Superior do Trabalho aumentou de R$ 5 mil para R$ 15 mil o valor da indeniza\u00e7\u00e3o por danos morais devida pela Serede - Servi\u00e7os de Rede S.A. e pela Oi S.A. a um instalador, em raz\u00e3o da falta de higiene e de seguran\u00e7a no ambiente\u2026","rel":"","context":"Em &quot;Not\u00edcias&quot;","img":{"alt_text":"","src":"https:\/\/i0.wp.com\/domingoseadvogados.com.br\/wp-content\/uploads\/2020\/04\/33.jpg?resize=350%2C200&ssl=1","width":350,"height":200},"classes":[]},{"id":780,"url":"https:\/\/domingoseadvogados.com.br\/index.php\/2019\/12\/09\/tst-confirma-reintegracao-de-diretor-de-cooperativa-dispensado-durante-aviso-previo\/","url_meta":{"origin":1122,"position":1},"title":"TST confirma reintegra\u00e7\u00e3o de diretor de cooperativa dispensado durante aviso-pr\u00e9vio","date":"dezembro 9, 2019","format":false,"excerpt":"A Subse\u00e7\u00e3o II Especializada em Diss\u00eddios Individuais (SDI-2) do Tribunal Superior do Trabalho manteve a ordem de reintegra\u00e7\u00e3o de um empregado da Paranapanema S.A., de Dias D\u2019\u00c1vila (BA), que havia sido eleito dirigente de cooperativa no curso do aviso-pr\u00e9vio. A decis\u00e3o foi fundamentada na jurisprud\u00eancia do TST relativa \u00e0 estabilidade\u2026","rel":"","context":"Em &quot;Not\u00edcias&quot;","img":{"alt_text":"","src":"https:\/\/i0.wp.com\/domingoseadvogados.com.br\/wp-content\/uploads\/2018\/10\/direito-trabalhista1-500x281.jpg?resize=350%2C200&ssl=1","width":350,"height":200},"classes":[]},{"id":867,"url":"https:\/\/domingoseadvogados.com.br\/index.php\/2020\/04\/24\/retencao-de-carteira-de-trabalho-pela-empresa-alem-do-prazo-normal-e-considerada-ilegal\/","url_meta":{"origin":1122,"position":2},"title":"Reten\u00e7\u00e3o de carteira de trabalho pela empresa al\u00e9m do prazo normal \u00e9 considerada ilegal","date":"abril 24, 2020","format":false,"excerpt":"A Sexta Turma do Tribunal Superior do Trabalho decidiu, em julgamento por plen\u00e1rio virtual, que a Transbrasiliana Concession\u00e1ria de Rodovia S.A., de Lins (SP), dever\u00e1 pagar indeniza\u00e7\u00e3o de R$ 2 mil a um motorista que teve a carteira de trabalho retida al\u00e9m do prazo legal ap\u00f3s a rescis\u00e3o do contrato.\u2026","rel":"","context":"Em &quot;Not\u00edcias&quot;","img":{"alt_text":"","src":"","width":0,"height":0},"classes":[]},{"id":789,"url":"https:\/\/domingoseadvogados.com.br\/index.php\/2019\/12\/10\/professor-universitario-dispensado-no-inicio-do-semestre-letivo-sera-indenizado\/","url_meta":{"origin":1122,"position":3},"title":"Professor universit\u00e1rio dispensado no in\u00edcio do semestre letivo ser\u00e1 indenizado","date":"dezembro 10, 2019","format":false,"excerpt":"A Terceira Turma do Tribunal Superior do Trabalho condenou a Sociedade de Educa\u00e7\u00e3o Tiradentes, de Aracaju (SE), a indenizar um professor dispensado imotivadamente no in\u00edcio de semestre letivo. Por unanimidade, o colegiado adotou o entendimento de que a medida impossibilitava a recoloca\u00e7\u00e3o do professor no mercado de trabalho. M\u00e1-f\u00e9 Mestre\u2026","rel":"","context":"Em &quot;Not\u00edcias&quot;","img":{"alt_text":"","src":"https:\/\/i0.wp.com\/domingoseadvogados.com.br\/wp-content\/uploads\/2018\/10\/direito-trabalhista1-500x281.jpg?resize=350%2C200&ssl=1","width":350,"height":200},"classes":[]},{"id":1052,"url":"https:\/\/domingoseadvogados.com.br\/index.php\/2021\/05\/05\/vigilante-obtem-condenacao-de-tres-bancos-para-os-quais-prestava-servicos-em-carro-forte\/","url_meta":{"origin":1122,"position":4},"title":"Vigilante obt\u00e9m condena\u00e7\u00e3o de tr\u00eas bancos para os quais prestava servi\u00e7os em carro-forte","date":"maio 5, 2021","format":false,"excerpt":"A Oitava Turma do Tribunal Superior do Trabalho reconheceu a responsabilidade subsidi\u00e1ria do Banco Santander (Brasil) S.A., do Ita\u00fa Unibanco S.A., do Bradesco S.A. e da Tecnologia Banc\u00e1ria S.A. (Tecban) pelo pagamento de verbas trabalhistas devidas pela Trans-Expert Vigil\u00e2ncia e Transporte de Valores Ltda. (massa falida) a um vigilante de\u2026","rel":"","context":"Em &quot;Not\u00edcias&quot;","img":{"alt_text":"","src":"https:\/\/i0.wp.com\/domingoseadvogados.com.br\/wp-content\/uploads\/2020\/04\/33.jpg?resize=350%2C200&ssl=1","width":350,"height":200},"classes":[]},{"id":1092,"url":"https:\/\/domingoseadvogados.com.br\/index.php\/2021\/06\/18\/eletricitario-podera-cobrar-verbas-rescisorias-mais-de-25-anos-apos-a-dispensa\/","url_meta":{"origin":1122,"position":5},"title":"Eletricit\u00e1rio poder\u00e1 cobrar verbas rescis\u00f3rias mais de 25 anos ap\u00f3s a dispensa","date":"junho 18, 2021","format":false,"excerpt":"A Segunda Turma do Tribunal Superior do Trabalho afastou a prescri\u00e7\u00e3o de uma a\u00e7\u00e3o movida por um eletricit\u00e1rio, visando ao pagamento de verbas rescis\u00f3rias, ap\u00f3s ter seu pedido de reintegra\u00e7\u00e3o negado em a\u00e7\u00e3o anterior. Para a Turma, somente a partir da decis\u00e3o definitiva na primeira a\u00e7\u00e3o, iniciada em 1995, \u00e9\u2026","rel":"","context":"Em &quot;Not\u00edcias&quot;","img":{"alt_text":"","src":"https:\/\/i0.wp.com\/domingoseadvogados.com.br\/wp-content\/uploads\/2020\/04\/33.jpg?resize=350%2C200&ssl=1","width":350,"height":200},"classes":[]}],"_links":{"self":[{"href":"https:\/\/domingoseadvogados.com.br\/index.php\/wp-json\/wp\/v2\/posts\/1122"}],"collection":[{"href":"https:\/\/domingoseadvogados.com.br\/index.php\/wp-json\/wp\/v2\/posts"}],"about":[{"href":"https:\/\/domingoseadvogados.com.br\/index.php\/wp-json\/wp\/v2\/types\/post"}],"author":[{"embeddable":true,"href":"https:\/\/domingoseadvogados.com.br\/index.php\/wp-json\/wp\/v2\/users\/2"}],"replies":[{"embeddable":true,"href":"https:\/\/domingoseadvogados.com.br\/index.php\/wp-json\/wp\/v2\/comments?post=1122"}],"version-history":[{"count":1,"href":"https:\/\/domingoseadvogados.com.br\/index.php\/wp-json\/wp\/v2\/posts\/1122\/revisions"}],"predecessor-version":[{"id":1123,"href":"https:\/\/domingoseadvogados.com.br\/index.php\/wp-json\/wp\/v2\/posts\/1122\/revisions\/1123"}],"wp:featuredmedia":[{"embeddable":true,"href":"https:\/\/domingoseadvogados.com.br\/index.php\/wp-json\/wp\/v2\/media\/844"}],"wp:attachment":[{"href":"https:\/\/domingoseadvogados.com.br\/index.php\/wp-json\/wp\/v2\/media?parent=1122"}],"wp:term":[{"taxonomy":"category","embeddable":true,"href":"https:\/\/domingoseadvogados.com.br\/index.php\/wp-json\/wp\/v2\/categories?post=1122"},{"taxonomy":"post_tag","embeddable":true,"href":"https:\/\/domingoseadvogados.com.br\/index.php\/wp-json\/wp\/v2\/tags?post=1122"}],"curies":[{"name":"wp","href":"https:\/\/api.w.org\/{rel}","templated":true}]}}