{"id":1107,"date":"2021-07-31T08:52:00","date_gmt":"2021-07-31T11:52:00","guid":{"rendered":"http:\/\/domingoseadvogados.com.br\/?p=1107"},"modified":"2021-07-28T18:56:08","modified_gmt":"2021-07-28T21:56:08","slug":"mae-que-faltava-ao-trabalho-para-amamentar-filha-tem-justa-causa-revertida","status":"publish","type":"post","link":"https:\/\/domingoseadvogados.com.br\/index.php\/2021\/07\/31\/mae-que-faltava-ao-trabalho-para-amamentar-filha-tem-justa-causa-revertida\/","title":{"rendered":"M\u00e3e que faltava ao trabalho para amamentar filha tem justa causa revertida"},"content":{"rendered":"\n<p>Uma auxiliar de produ\u00e7\u00e3o da Kromberg e Schubert do Brasil Ltda., em Mafra-SC, demitida por faltar ao servi\u00e7o,\u00a0teve justa causa revertida pela Justi\u00e7a do Trabalho. A decis\u00e3o \u00e9 da Segunda Turma do Tribunal Superior do Trabalho, que rejeitou o recurso da empresa com pedido para manter a penalidade. Os ministros entenderam que a Kromberg cometeu ilegalidade ao n\u00e3o fornecer local onde a trabalhadora pudesse amamentar a crian\u00e7a.<br>\u00a0<br><strong>Filha<\/strong><br>\u00a0<br>A auxiliar disse, na reclama\u00e7\u00e3o trabalhista, que trabalhou, de maio de 2018 a abril de 2019, at\u00e9 ser despedida por justa causa por faltas injustificadas, \u201cantes que a filha completasse seis meses de idade\u201d. Ela justificou as faltas alegando que n\u00e3o conseguia comparecer regularmente ao servi\u00e7o ap\u00f3s o nascimento da crian\u00e7a. Na a\u00e7\u00e3o, pediu que fosse declarada a nulidade da justa causa e que a empresa fosse condenada ao pagamento de verbas trabalhistas.\u00a0<br>\u00a0<br>De acordo com o par\u00e1grafo 1\u00ba do artigo 389 da <a rel=\"noreferrer noopener\" href=\"http:\/\/www.planalto.gov.br\/ccivil_03\/decreto-lei\/del5452compilado.htm\" target=\"_blank\">CLT<\/a>, estabelecimentos em que trabalharem pelo menos trinta mulheres com mais de dezesseis anos de idade ter\u00e3o local apropriado onde seja permitido \u00e0s empregadas guardarem, sob vigil\u00e2ncia e assist\u00eancia, os seus filhos no per\u00edodo da amamenta\u00e7\u00e3o. Na avalia\u00e7\u00e3o da auxiliar de produ\u00e7\u00e3o, a Kromberg \u00e9 que deveria ser condenada por ilegalidade por n\u00e3o fornecer local para amamenta\u00e7\u00e3o e creche para a filha.<br>\u00a0<br><strong>Faltas injustificadas\u00a0<\/strong><br>\u00a0<br>Por sua vez, a empresa defendeu a validade da justa causa afirmando que as faltas eram reincidentes e injustificadas, \u201ctanto antes quanto ap\u00f3s o nascimento da filha\u201d. Para a Kromberg, a trabalhadora rompeu o contrato de trabalho, que, embora vigente por quase doze meses, a empregada trabalhou apenas sete, e que, nesse per\u00edodo, faltou ao trabalho dezesseis vezes sem justificativa. A empresa disse que a empregada sempre foi alertada em caso de reincid\u00eancia, mesmo assim assumiu o risco.<br>\u00a0<br><strong>Faltas justificadas<\/strong><br>\u00a0<br>A Vara do Trabalho de Mafra e o Tribunal Regional do Trabalho da 12\u00aa Regi\u00e3o (SC) entenderam pela revers\u00e3o da justa causa. Na interpreta\u00e7\u00e3o do TRT, a Kromberg tornou as faltas \u201cplenamente justificadas\u201d. A decis\u00e3o observou que a empresa declarou ter quase quatrocentas empregadas, n\u00e3o possu\u00eda creche e n\u00e3o pagava aux\u00edlio-creche. Realidade que, na avalia\u00e7\u00e3o do TRT, contribuiu, efetivamente, para as aus\u00eancias da empregada. \u201cA empresa a mandou embora por justa causa, quando a falta grave era da empresa\u201d, diz a decis\u00e3o. \u00a0<br>\u00a0<br><strong>Obriga\u00e7\u00e3o legal<\/strong><br>\u00a0<br>A relatora do recurso da Kromberg ao TST, ministra Dela\u00edde Miranda Arantes, acolheu a tese do TRT de que a empregadora n\u00e3o cumpriu com a obriga\u00e7\u00e3o legal de fornecer local apropriado para a guarda, sob vigil\u00e2ncia e assist\u00eancia, dos filhos das empregadas no per\u00edodo da amamenta\u00e7\u00e3o. \u201cA empresa n\u00e3o conseguiu demonstrar erro na decis\u00e3o do Tribunal Regional\u201d, avaliou a ministra.<br>\u00a0<br>A relatora ainda recha\u00e7ou a alega\u00e7\u00e3o da empresa de que a decis\u00e3o do TRT ofendeu o princ\u00edpio do contradit\u00f3rio e da ampla defesa (art. 5\u00ba, LV, da <a rel=\"noreferrer noopener\" href=\"http:\/\/www.planalto.gov.br\/ccivil_03\/constituicao\/constituicao.htm\" target=\"_blank\">Constitui\u00e7\u00e3o Federal<\/a>). Segundo a ministra, a empresa teve oportunidade de se insurgir, utilizando-se dos meios e dos recursos cab\u00edveis, para defender o que considerava seu direito, mas preferiu invocar o princ\u00edpio constitucional pelo simples fato de a decis\u00e3o do TRT ter sido desfavor\u00e1vel a ela.<br>\u00a0<br>Por unanimidade, a Segunda Turma acompanhou o voto da relatora.\u00a0<br>\u00a0<br><strong>Fonte TST &#8211; Processo: \u00a0AIRR-0001180-78.2019.5.12.0017<\/strong><\/p>\n","protected":false},"excerpt":{"rendered":"<p>Uma auxiliar de produ\u00e7\u00e3o da Kromberg e Schubert do Brasil Ltda., em Mafra-SC, demitida por faltar ao servi\u00e7o,\u00a0teve justa causa revertida pela Justi\u00e7a do Trabalho. A decis\u00e3o \u00e9 da Segunda Turma do Tribunal Superior do Trabalho, que rejeitou o recurso da empresa com pedido para manter a penalidade. Os ministros entenderam que a Kromberg cometeu [&hellip;]<\/p>\n","protected":false},"author":2,"featured_media":844,"comment_status":"closed","ping_status":"closed","sticky":false,"template":"","format":"standard","meta":{"_mi_skip_tracking":false,"footnotes":""},"categories":[9],"tags":[4],"class_list":["post-1107","post","type-post","status-publish","format-standard","has-post-thumbnail","hentry","category-noticias","tag-trabalhista"],"jetpack_featured_media_url":"https:\/\/domingoseadvogados.com.br\/wp-content\/uploads\/2020\/04\/33.jpg","jetpack-related-posts":[{"id":843,"url":"https:\/\/domingoseadvogados.com.br\/index.php\/2020\/04\/01\/conferente-recebera-multa-por-atraso-de-verbas-rescisorias-apos-afastamento-de-justa-causa\/","url_meta":{"origin":1107,"position":0},"title":"Conferente receber\u00e1 multa por atraso de verbas rescis\u00f3rias ap\u00f3s afastamento de justa causa","date":"abril 1, 2020","format":false,"excerpt":"A Segunda Turma do Tribunal Superior do Trabalho condenou a Carnaz Plazza Express Coloca\u00e7\u00e3o Administra\u00e7\u00e3o de M\u00e3o de Obra Ltda., de Barueri (SP), ao pagamento da multa por atraso no pagamento das parcelas rescis\u00f3rias ap\u00f3s a desconstitui\u00e7\u00e3o da dispensa por por justa causa de um conferente em ju\u00edzo. A multa,\u2026","rel":"","context":"Em &quot;Not\u00edcias&quot;","img":{"alt_text":"","src":"https:\/\/i0.wp.com\/domingoseadvogados.com.br\/wp-content\/uploads\/2020\/04\/33.jpg?resize=350%2C200&ssl=1","width":350,"height":200},"classes":[]},{"id":1080,"url":"https:\/\/domingoseadvogados.com.br\/index.php\/2021\/05\/31\/motorista-consegue-rescisao-indireta-por-nao-recolhimento-do-fgts\/","url_meta":{"origin":1107,"position":1},"title":"Motorista consegue rescis\u00e3o indireta por n\u00e3o recolhimento do FGTS","date":"maio 31, 2021","format":false,"excerpt":"A Sexta Turma do Tribunal Superior do Trabalho reconheceu a rescis\u00e3o indireta do contrato de trabalho de um motorista da Kings Governan\u00e7a de Servi\u00e7os, de S\u00e3o Paulo (SP), decorrente da falta de recolhimento dos dep\u00f3sitos do Fundo de Garantia do Tempo de Servi\u00e7o (FGTS) durante nove meses. Para a Turma,\u2026","rel":"","context":"Em &quot;Not\u00edcias&quot;","img":{"alt_text":"","src":"https:\/\/i0.wp.com\/domingoseadvogados.com.br\/wp-content\/uploads\/2020\/04\/33.jpg?resize=350%2C200&ssl=1","width":350,"height":200},"classes":[]},{"id":1015,"url":"https:\/\/domingoseadvogados.com.br\/index.php\/2021\/02\/23\/trabalhador-com-cancer-de-mama-sera-reintegrado-no-emprego-apos-dispensa-discriminatoria\/","url_meta":{"origin":1107,"position":2},"title":"Trabalhador com c\u00e2ncer de mama ser\u00e1 reintegrado no emprego ap\u00f3s dispensa discriminat\u00f3ria","date":"fevereiro 23, 2021","format":false,"excerpt":"A Primeira Turma do Tribunal Superior do Trabalho considerou discriminat\u00f3ria a dispensa por justa causa aplicada pela Companhia Sider\u00fargica Nacional (CSN) a um empregado com c\u00e2ncer de mama. A empresa argumentou que ele havia abandonado o emprego, mas diversas faltas foram justificadas por atestados m\u00e9dicos que relatavam a doen\u00e7a.\u00a0 De\u2026","rel":"","context":"Em &quot;Not\u00edcias&quot;","img":{"alt_text":"","src":"","width":0,"height":0},"classes":[]},{"id":699,"url":"https:\/\/domingoseadvogados.com.br\/index.php\/2019\/07\/23\/auxiliar-de-limpeza-obtem-estabilidade-da-gestante-mesmo-em-parto-de-natimorto\/","url_meta":{"origin":1107,"position":3},"title":"Auxiliar de limpeza obt\u00e9m estabilidade da gestante mesmo em parto de natimorto","date":"julho 23, 2019","format":false,"excerpt":"Uma auxiliar de limpeza do The Hostel Paulista Ltda. conseguiu ter direito \u00e0 estabilidade assegurada \u00e0 gestante mesmo com a perda da crian\u00e7a no segundo m\u00eas de gravidez. A empresa argumentou que a estabilidade s\u00f3 caberia em caso de nascimento com vida, mas a Segunda Turma do Tribunal Superior do\u2026","rel":"","context":"Em &quot;Not\u00edcias&quot;","img":{"alt_text":"","src":"https:\/\/i0.wp.com\/domingoseadvogados.com.br\/wp-content\/uploads\/2018\/10\/rsz_justi\u00e7a.jpg?resize=350%2C200&ssl=1","width":350,"height":200},"classes":[]},{"id":975,"url":"https:\/\/domingoseadvogados.com.br\/index.php\/2020\/11\/25\/vigilante-que-abandonou-posto-de-trabalho-apos-assalto-consegue-reverter-justa-causa\/","url_meta":{"origin":1107,"position":4},"title":"Vigilante que abandonou posto de trabalho ap\u00f3s assalto consegue reverter justa causa","date":"novembro 25, 2020","format":false,"excerpt":"A S\u00e9tima Turma do Tribunal Superior do Trabalho rejeitou o recurso de revista da Amazon Security Ltda., de Manaus (AM), contra decis\u00e3o de segunda inst\u00e2ncia que afastou a dispensa por justa causa de um vigilante patrimonial que n\u00e3o teria comunicado de imediato um roubo, e sim deixado o posto de\u2026","rel":"","context":"Em &quot;Not\u00edcias&quot;","img":{"alt_text":"","src":"https:\/\/i0.wp.com\/domingoseadvogados.com.br\/wp-content\/uploads\/2020\/04\/33.jpg?resize=350%2C200&ssl=1","width":350,"height":200},"classes":[]},{"id":181,"url":"https:\/\/domingoseadvogados.com.br\/index.php\/2017\/11\/21\/demissao-na-nova-clt\/","url_meta":{"origin":1107,"position":5},"title":"Demiss\u00e3o na nova CLT","date":"novembro 21, 2017","format":false,"excerpt":"Demiss\u00e3o na nova CLT O trabalhador brasileiro contou at\u00e9 o dia 10\/11\/2017 com as regras da lei trabalhista que previam que a rescis\u00e3o do contrato de trabalho se dariam de tr\u00eas formas: pedido de demiss\u00e3o pelo pr\u00f3prio empregado, ou a demiss\u00e3o por justa causa ou sem justa causa. Quando ocorria\u2026","rel":"","context":"Em &quot;Not\u00edcias&quot;","img":{"alt_text":"","src":"","width":0,"height":0},"classes":[]}],"_links":{"self":[{"href":"https:\/\/domingoseadvogados.com.br\/index.php\/wp-json\/wp\/v2\/posts\/1107"}],"collection":[{"href":"https:\/\/domingoseadvogados.com.br\/index.php\/wp-json\/wp\/v2\/posts"}],"about":[{"href":"https:\/\/domingoseadvogados.com.br\/index.php\/wp-json\/wp\/v2\/types\/post"}],"author":[{"embeddable":true,"href":"https:\/\/domingoseadvogados.com.br\/index.php\/wp-json\/wp\/v2\/users\/2"}],"replies":[{"embeddable":true,"href":"https:\/\/domingoseadvogados.com.br\/index.php\/wp-json\/wp\/v2\/comments?post=1107"}],"version-history":[{"count":1,"href":"https:\/\/domingoseadvogados.com.br\/index.php\/wp-json\/wp\/v2\/posts\/1107\/revisions"}],"predecessor-version":[{"id":1111,"href":"https:\/\/domingoseadvogados.com.br\/index.php\/wp-json\/wp\/v2\/posts\/1107\/revisions\/1111"}],"wp:featuredmedia":[{"embeddable":true,"href":"https:\/\/domingoseadvogados.com.br\/index.php\/wp-json\/wp\/v2\/media\/844"}],"wp:attachment":[{"href":"https:\/\/domingoseadvogados.com.br\/index.php\/wp-json\/wp\/v2\/media?parent=1107"}],"wp:term":[{"taxonomy":"category","embeddable":true,"href":"https:\/\/domingoseadvogados.com.br\/index.php\/wp-json\/wp\/v2\/categories?post=1107"},{"taxonomy":"post_tag","embeddable":true,"href":"https:\/\/domingoseadvogados.com.br\/index.php\/wp-json\/wp\/v2\/tags?post=1107"}],"curies":[{"name":"wp","href":"https:\/\/api.w.org\/{rel}","templated":true}]}}