{"id":1105,"date":"2021-07-30T08:49:00","date_gmt":"2021-07-30T11:49:00","guid":{"rendered":"http:\/\/domingoseadvogados.com.br\/?p=1105"},"modified":"2021-07-28T18:51:33","modified_gmt":"2021-07-28T21:51:33","slug":"banco-comete-dano-moral-coletivo-ao-realizar-gestao-por-estresse","status":"publish","type":"post","link":"https:\/\/domingoseadvogados.com.br\/index.php\/2021\/07\/30\/banco-comete-dano-moral-coletivo-ao-realizar-gestao-por-estresse\/","title":{"rendered":"Banco comete dano moral coletivo ao realizar gest\u00e3o por estresse"},"content":{"rendered":"\n<p>A Terceira Turma do Tribunal Superior do Trabalho decidiu manter condena\u00e7\u00e3o do Bradesco por dano moral coletivo, em processo apresentado pelo Minist\u00e9rio P\u00fablico do Trabalho da 21\u00aa Regi\u00e3o, em Natal (RN). Para o colegiado de ministros, ficou provado que o banco adotava uma esp\u00e9cie de gest\u00e3o por estresse, que gerou adoecimento de diversos empregados, acometidos por s\u00edndrome do p\u00e2nico e depress\u00e3o.&nbsp;<\/p>\n\n\n\n<p>Ao julgar a a\u00e7\u00e3o civil p\u00fablica movida contra o Bradesco, o Tribunal Regional do Trabalho da 21\u00aa Regi\u00e3o (RN) condenou o banco ao pagamento de danos morais coletivos no importe de R$ 1 milh\u00e3o. O Bradesco recorreu, ent\u00e3o, para o Tribunal Superior do Trabalho.<\/p>\n\n\n\n<p><strong>Sa\u00fade mental e higidez&nbsp;<\/strong><\/p>\n\n\n\n<p>No TST, coube \u00e0 Terceira Turma decidir sobre o recurso de revista, a partir da conclus\u00e3o do TRT, com base nas provas apresentadas, de que o banco praticava cobran\u00e7as de metas desarrazoadas e que as exig\u00eancias ocorriam, tamb\u00e9m, fora do hor\u00e1rio de expediente e mesmo em per\u00edodos de greve. Ficaram comprovadas, ainda, amea\u00e7as de demiss\u00e3o, xingamentos, coa\u00e7\u00f5es contra empregadas gestantes, obst\u00e1culos criados para que os empregados n\u00e3o aderissem \u00e0s greves, entre outras condutas por parte dos gerentes do banco.<\/p>\n\n\n\n<p>O relator do recurso, ministro Alexandre Agra Belmonte, votou no sentido de n\u00e3o prover o apelo. \u201cO bem jur\u00eddico tutelado nos autos \u00e9 o valor atribu\u00eddo pela coletividade \u00e0 sa\u00fade mental de todo e qualquer trabalhador, bem como \u00e0 higidez de todo e qualquer ambiente do trabalho\u201d, registrou o ministro.&nbsp;<\/p>\n\n\n\n<p><strong>Valores<\/strong><\/p>\n\n\n\n<p>De acordo com o relator, os valores arbitrados para as repara\u00e7\u00f5es por danos morais s\u00f3 devem ser modificados no TST se forem desprovidos de qualquer sentido de razoabilidade e proporcionalidade, para mais ou para menos. Diante disso, o ministro afirmou que \u201co montante de R$ 1 milh\u00e3o demonstra ser adequado \u00e0 repara\u00e7\u00e3o do preju\u00edzo perpetrado pelo r\u00e9u, notadamente diante da intensidade de sua conduta antijur\u00eddica\u201d, concluiu.<\/p>\n\n\n\n<p>Por unanimidade, a Terceira Turma acompanhou o voto do relator. No entanto, o banco apresentou recurso extraordin\u00e1rio com o intuito de que o caso seja julgado pelo Supremo Tribunal Federal.\u00a0<br>\u00a0<br>Fonte TST &#8211; Processo: AIRR-0000969-96.2014.5.21.0007<\/p>\n","protected":false},"excerpt":{"rendered":"<p>A Terceira Turma do Tribunal Superior do Trabalho decidiu manter condena\u00e7\u00e3o do Bradesco por dano moral coletivo, em processo apresentado pelo Minist\u00e9rio P\u00fablico do Trabalho da 21\u00aa Regi\u00e3o, em Natal (RN). Para o colegiado de ministros, ficou provado que o banco adotava uma esp\u00e9cie de gest\u00e3o por estresse, que gerou adoecimento de diversos empregados, acometidos [&hellip;]<\/p>\n","protected":false},"author":2,"featured_media":844,"comment_status":"closed","ping_status":"closed","sticky":false,"template":"","format":"standard","meta":{"_mi_skip_tracking":false,"footnotes":""},"categories":[9],"tags":[4],"class_list":["post-1105","post","type-post","status-publish","format-standard","has-post-thumbnail","hentry","category-noticias","tag-trabalhista"],"jetpack_featured_media_url":"https:\/\/domingoseadvogados.com.br\/wp-content\/uploads\/2020\/04\/33.jpg","jetpack-related-posts":[{"id":846,"url":"https:\/\/domingoseadvogados.com.br\/index.php\/2020\/04\/01\/concedida-indenizacao-a-bancario-que-transportava-malotes-entre-agencia-e-bancos-postais\/","url_meta":{"origin":1105,"position":0},"title":"Concedida  indeniza\u00e7\u00e3o a banc\u00e1rio que transportava malotes entre ag\u00eancia e bancos postais","date":"abril 1, 2020","format":false,"excerpt":"A S\u00e9tima Turma do Tribunal Superior do Trabalho condenou o Banco Bradesco S. A. a pagar indeniza\u00e7\u00e3o a um banc\u00e1rio que fazia o transporte de malotes entre ag\u00eancias e bancos postais. Mesmo considerando que ele n\u00e3o era obrigado a desempenhar essa tarefa, a Turma do TST entendeu que a indiferen\u00e7a\u2026","rel":"","context":"Em &quot;Not\u00edcias&quot;","img":{"alt_text":"","src":"","width":0,"height":0},"classes":[]},{"id":664,"url":"https:\/\/domingoseadvogados.com.br\/index.php\/2019\/05\/22\/operadora-que-sofreu-difamacao-consegue-aumentar-indenizacao-fixada-com-base-no-salario\/","url_meta":{"origin":1105,"position":1},"title":"Operadora que sofreu difama\u00e7\u00e3o consegue aumentar indeniza\u00e7\u00e3o fixada com base no sal\u00e1rio","date":"maio 22, 2019","format":false,"excerpt":"A Terceira Turma do Tribunal Superior do Trabalho condenou a Atento Brasil S.A. e o Banco Bradesco S.A. ao pagamento de R$ 20 mil de indeniza\u00e7\u00e3o a uma operadora de telemarketing difamada por uma colega de trabalho. O valor que havia sido arbitrado pelo ju\u00edzo de segundo grau, equivalente a\u2026","rel":"","context":"Em &quot;Not\u00edcias&quot;","img":{"alt_text":"","src":"https:\/\/i0.wp.com\/domingoseadvogados.com.br\/wp-content\/uploads\/2018\/10\/rsz_justi\u00e7a.jpg?resize=350%2C200&ssl=1","width":350,"height":200},"classes":[]},{"id":820,"url":"https:\/\/domingoseadvogados.com.br\/index.php\/2020\/03\/27\/banco-vai-indenizar-gerente-que-sofreu-sequestro-dentro-de-casa\/","url_meta":{"origin":1105,"position":2},"title":"Banco vai indenizar gerente que sofreu sequestro dentro de casa","date":"mar\u00e7o 27, 2020","format":false,"excerpt":"O Banco Bradesco S.A. dever\u00e1 pagar indeniza\u00e7\u00e3o a um gerente administrativo que, ao chegar em casa, em Po\u00e7o Redondo (SE), foi sequestrado. No exame de recurso de revista do banc\u00e1rio, a Segunda Turma do Tribunal Superior do Trabalho reconheceu a responsabilidade objetiva do banco pelo ocorrido. Sequestro O empregado relatou\u2026","rel":"","context":"Em &quot;Not\u00edcias&quot;","img":{"alt_text":"","src":"https:\/\/i0.wp.com\/domingoseadvogados.com.br\/wp-content\/uploads\/2018\/10\/procedimentos-justi\u00e7a-do-trabalho-1.jpg?resize=350%2C200&ssl=1","width":350,"height":200},"classes":[]},{"id":1009,"url":"https:\/\/domingoseadvogados.com.br\/index.php\/2021\/02\/18\/laboratorio-indenizara-propagandista-obrigado-a-provar-remedios-em-reunioes-de-trabalho\/","url_meta":{"origin":1105,"position":3},"title":"Laborat\u00f3rio indenizar\u00e1 propagandista obrigado a provar rem\u00e9dios em reuni\u00f5es de trabalho","date":"fevereiro 18, 2021","format":false,"excerpt":"A Oitava Turma do Tribunal Superior do Trabalho rejeitou recurso da Eurofarma Laborat\u00f3rios S. A. contra a condena\u00e7\u00e3o ao pagamento de R$ 100 mil de indeniza\u00e7\u00e3o a um propagandista vendedor que era obrigado a consumir rem\u00e9dios de laborat\u00f3rios concorrentes em reuni\u00f5es de trabalho. A empresa j\u00e1 havia sido condenada anteriormente\u00a0por\u2026","rel":"","context":"Em &quot;Not\u00edcias&quot;","img":{"alt_text":"","src":"https:\/\/i0.wp.com\/domingoseadvogados.com.br\/wp-content\/uploads\/2020\/04\/33.jpg?resize=350%2C200&ssl=1","width":350,"height":200},"classes":[]},{"id":732,"url":"https:\/\/domingoseadvogados.com.br\/index.php\/2019\/09\/18\/ausencia-de-relacao-da-depressao-com-o-trabalho-invibializa-reintegracao-de-bancaria\/","url_meta":{"origin":1105,"position":4},"title":"Aus\u00eancia de rela\u00e7\u00e3o da depress\u00e3o com o trabalho invibializa reintegra\u00e7\u00e3o de banc\u00e1ria","date":"setembro 18, 2019","format":false,"excerpt":"A Oitava Turma do Tribunal Superior do Trabalho desobrigou o Banco Santander (Brasil) S.A. de reintegrar ao emprego uma banc\u00e1ria dispensada quando apresentava quadro depressivo. N\u00e3o havia evid\u00eancia da rela\u00e7\u00e3o entre a doen\u00e7a e o trabalho que ela realizava no banco e, para a Turma, nesta hip\u00f3tese, a empregada n\u00e3o\u2026","rel":"","context":"Em &quot;Not\u00edcias&quot;","img":{"alt_text":"","src":"","width":0,"height":0},"classes":[]},{"id":936,"url":"https:\/\/domingoseadvogados.com.br\/index.php\/2020\/09\/25\/vigilante-patrimonial-tem-direito-ao-adicional-de-periculosidade-mesmo-sem-pericia-tecnica\/","url_meta":{"origin":1105,"position":5},"title":"Vigilante patrimonial tem direito ao adicional de periculosidade mesmo sem per\u00edcia t\u00e9cnica","date":"setembro 25, 2020","format":false,"excerpt":"A Terceira Turma do Tribunal Superior do Trabalho entendeu que n\u00e3o \u00e9 necess\u00e1ria a produ\u00e7\u00e3o de prova t\u00e9cnica para deferimento do adicional de periculosidade a um vigilante da RRJ Transporte de Valores, Seguran\u00e7a e Vigil\u00e2ncia Ltda., de S\u00e3o Paulo (SP). Para o colegiado, a per\u00edcia torna-se ainda mais dispens\u00e1vel diante\u2026","rel":"","context":"Em &quot;Not\u00edcias&quot;","img":{"alt_text":"","src":"https:\/\/i0.wp.com\/domingoseadvogados.com.br\/wp-content\/uploads\/2020\/04\/33.jpg?resize=350%2C200&ssl=1","width":350,"height":200},"classes":[]}],"_links":{"self":[{"href":"https:\/\/domingoseadvogados.com.br\/index.php\/wp-json\/wp\/v2\/posts\/1105"}],"collection":[{"href":"https:\/\/domingoseadvogados.com.br\/index.php\/wp-json\/wp\/v2\/posts"}],"about":[{"href":"https:\/\/domingoseadvogados.com.br\/index.php\/wp-json\/wp\/v2\/types\/post"}],"author":[{"embeddable":true,"href":"https:\/\/domingoseadvogados.com.br\/index.php\/wp-json\/wp\/v2\/users\/2"}],"replies":[{"embeddable":true,"href":"https:\/\/domingoseadvogados.com.br\/index.php\/wp-json\/wp\/v2\/comments?post=1105"}],"version-history":[{"count":1,"href":"https:\/\/domingoseadvogados.com.br\/index.php\/wp-json\/wp\/v2\/posts\/1105\/revisions"}],"predecessor-version":[{"id":1106,"href":"https:\/\/domingoseadvogados.com.br\/index.php\/wp-json\/wp\/v2\/posts\/1105\/revisions\/1106"}],"wp:featuredmedia":[{"embeddable":true,"href":"https:\/\/domingoseadvogados.com.br\/index.php\/wp-json\/wp\/v2\/media\/844"}],"wp:attachment":[{"href":"https:\/\/domingoseadvogados.com.br\/index.php\/wp-json\/wp\/v2\/media?parent=1105"}],"wp:term":[{"taxonomy":"category","embeddable":true,"href":"https:\/\/domingoseadvogados.com.br\/index.php\/wp-json\/wp\/v2\/categories?post=1105"},{"taxonomy":"post_tag","embeddable":true,"href":"https:\/\/domingoseadvogados.com.br\/index.php\/wp-json\/wp\/v2\/tags?post=1105"}],"curies":[{"name":"wp","href":"https:\/\/api.w.org\/{rel}","templated":true}]}}