{"id":1065,"date":"2021-05-20T16:20:24","date_gmt":"2021-05-20T19:20:24","guid":{"rendered":"http:\/\/domingoseadvogados.com.br\/?p=1065"},"modified":"2021-05-20T16:20:27","modified_gmt":"2021-05-20T19:20:27","slug":"empresa-e-condenada-por-descontar-de-salarios-o-conserto-de-avarias-em-carros","status":"publish","type":"post","link":"https:\/\/domingoseadvogados.com.br\/index.php\/2021\/05\/20\/empresa-e-condenada-por-descontar-de-salarios-o-conserto-de-avarias-em-carros\/","title":{"rendered":"Empresa \u00e9 condenada por descontar de sal\u00e1rios o conserto de avarias em carros"},"content":{"rendered":"\n<p>A S\u00e9tima Turma do Tribunal Superior do Trabalho manteve a decis\u00e3o que condenara&nbsp;a Rede Conecta Servi\u00e7os de Rede S.A., com sede em Fortaleza (CE), a pagar indeniza\u00e7\u00e3o por danos morais coletivos por descontar dos sal\u00e1rios dos empregados os valores gastos com reparos de avarias em carros da empresa que eles dirigiam. De acordo com os ministros, a medida \u00e9 ilegal, pois n\u00e3o havia comprova\u00e7\u00e3o de dolo ou culpa dos trabalhadores pelos acidentes.&nbsp;<\/p>\n\n\n\n<h4 class=\"wp-block-heading\">Desconto&nbsp;<\/h4>\n\n\n\n<p>O Minist\u00e9rio P\u00fablico do Trabalho (MPT) apresentou a\u00e7\u00e3o civil p\u00fablica ap\u00f3s uma investiga\u00e7\u00e3o sobre 47 acidentes com ve\u00edculos da empresa no Piau\u00ed demonstrar que a Conecta descontava o custo do reparo dos sal\u00e1rios dos motoristas envolvidos. Segundo o MPT, os descontos se baseavam apenas em boletins de ocorr\u00eancia, relat\u00f3rios de sinistros e termos de responsabilidade assinados pelos empregados, sem, contudo, apresentar o laudo pericial, documento que comprovaria a culpabilidade dos empregados e tornaria l\u00edcito o desconto.<\/p>\n\n\n\n<p>A empresa admitiu que realizava o abatimento, mas demonstrou que assim procedia com pr\u00e9via autoriza\u00e7\u00e3o por escrito de cada empregado.<\/p>\n\n\n\n<h4 class=\"wp-block-heading\">Ilicitude<\/h4>\n\n\n\n<p>O ju\u00edzo da 3\u00aa Vara do Trabalho de Teresina (PI) julgou procedente o pedido e, al\u00e9m de proibir os descontos sem a comprova\u00e7\u00e3o da responsabilidade do motorista, condenou a empresa ao pagamento de indeniza\u00e7\u00e3o de R$ 100 mil por danos morais coletivos, a serem destinados ao Fundo de Amparo ao Trabalhador (FAT). A senten\u00e7a foi mantida pelo Tribunal Regional do Trabalho da 22\u00aa Regi\u00e3o (PI).<\/p>\n\n\n\n<p>Para o TRT, a licitude dos descontos depende de prova de que o empregado tenha agido dolosamente (com inten\u00e7\u00e3o) ou de previs\u00e3o em ajuste contratual, com expressa anu\u00eancia do empregado, e desde que comprovada a sua culpa pelo dano. \u201cNo caso, n\u00e3o demonstrado o dolo ou a culpa do trabalhador envolvido no sinistro, nem garantido o direito de defesa, incab\u00edvel concluir que seja ele o efetivo respons\u00e1vel pelo dano, de forma que n\u00e3o \u00e9 l\u00edcito o desconto\u201d, concluiu.<\/p>\n\n\n\n<h4 class=\"wp-block-heading\">Dolo ou culpa<\/h4>\n\n\n\n<p>O relator do recurso de revista da empresa, ministro Cl\u00e1udio Brand\u00e3o, disse que o artigo 462 da <a href=\"https:\/\/www.planalto.gov.br\/ccivil_03\/decreto-lei\/del5452.htm\" target=\"_blank\" rel=\"noreferrer noopener\">CLT<\/a> admite a realiza\u00e7\u00e3o de descontos salariais em casos de dano causado pelo empregado. \u201cTodavia, n\u00e3o basta a exist\u00eancia de ajuste entre a empresa e o trabalhador, sendo necess\u00e1ria a prova da exist\u00eancia de culpa\/dolo do empregado para que o procedimento tenha validade\u201d, afirmou. Esse \u00f4nus incumbe \u00e0 empresa. \u201cDo contr\u00e1rio, haver\u00e1 transfer\u00eancia indevida dos riscos da atividade, o que n\u00e3o se coaduna com os princ\u00edpios protetivos do Direito do Trabalho\u201d.<\/p>\n\n\n\n<p>Outro ponto destacado pelo ministro \u00e9 que h\u00e1 previs\u00e3o expressa em norma interna da empresa da necessidade de realiza\u00e7\u00e3o de prova pericial, mas que n\u00e3o foi produzida per\u00edcia nem outra forma de comprova\u00e7\u00e3o equivalente.&nbsp;<\/p>\n\n\n\n<p>A decis\u00e3o foi un\u00e2nime. No entanto, a empresa apresentou recurso extraordin\u00e1rio para o Supremo Tribunal Federal (STF). &nbsp;<\/p>\n\n\n\n<p>Fonte TST &#8211; (GS\/CF) -Processo: Ag-AIRR-0001434-56.2015.5.22.0003<\/p>\n","protected":false},"excerpt":{"rendered":"<p>A S\u00e9tima Turma do Tribunal Superior do Trabalho manteve a decis\u00e3o que condenara&nbsp;a Rede Conecta Servi\u00e7os de Rede S.A., com sede em Fortaleza (CE), a pagar indeniza\u00e7\u00e3o por danos morais coletivos por descontar dos sal\u00e1rios dos empregados os valores gastos com reparos de avarias em carros da empresa que eles dirigiam. De acordo com os [&hellip;]<\/p>\n","protected":false},"author":2,"featured_media":844,"comment_status":"closed","ping_status":"closed","sticky":false,"template":"","format":"standard","meta":{"_mi_skip_tracking":false,"footnotes":""},"categories":[9],"tags":[4],"class_list":["post-1065","post","type-post","status-publish","format-standard","has-post-thumbnail","hentry","category-noticias","tag-trabalhista"],"jetpack_featured_media_url":"https:\/\/domingoseadvogados.com.br\/wp-content\/uploads\/2020\/04\/33.jpg","jetpack-related-posts":[{"id":803,"url":"https:\/\/domingoseadvogados.com.br\/index.php\/2020\/02\/14\/empresa-de-onibus-e-condenada-por-exigir-ressarcimento-de-avarias-e-roubos\/","url_meta":{"origin":1065,"position":0},"title":"Empresa de \u00f4nibus \u00e9 condenada por exigir ressarcimento de avarias e roubos","date":"fevereiro 14, 2020","format":false,"excerpt":"A Quinta Turma do Tribunal Superior do Trabalho restabeleceu o valor original da condena\u00e7\u00e3o aplicada \u00e0 Empresa de Transportes Braso Lisboa Ltda., do Rio de Janeiro (RJ), por exig\u00eancias ilegais impostas a seus empregados, e aplicou multa de R$ 1 mil em caso de descumprimento das obriga\u00e7\u00f5es estabelecidas na senten\u00e7a.\u2026","rel":"","context":"Em &quot;Not\u00edcias&quot;","img":{"alt_text":"","src":"https:\/\/i0.wp.com\/domingoseadvogados.com.br\/wp-content\/uploads\/2018\/10\/direito-trabalhista1-500x281.jpg?resize=350%2C200&ssl=1","width":350,"height":200},"classes":[]},{"id":914,"url":"https:\/\/domingoseadvogados.com.br\/index.php\/2020\/07\/22\/empresa-pagara-salarios-a-empregado-considerado-inapto-apos-alta-previdenciaria\/","url_meta":{"origin":1065,"position":1},"title":"Empresa pagar\u00e1 sal\u00e1rios a empregado considerado inapto ap\u00f3s alta previdenci\u00e1ria","date":"julho 22, 2020","format":false,"excerpt":"A Primeira Turma do Tribunal Superior do Trabalho rejeitou recurso da Geraldo Unimar Transportes Ltda., de Vit\u00f3ria (ES), contra decis\u00e3o que a condenou ao pagamento dos sal\u00e1rios de um motorista que, ap\u00f3s receber alta da Previd\u00eancia Social, foi considerado inapto para retornar a suas fun\u00e7\u00f5es e n\u00e3o foi reintegrado. Segundo\u2026","rel":"","context":"Em &quot;Not\u00edcias&quot;","img":{"alt_text":"","src":"https:\/\/i0.wp.com\/domingoseadvogados.com.br\/wp-content\/uploads\/2020\/04\/33.jpg?resize=350%2C200&ssl=1","width":350,"height":200},"classes":[]},{"id":1147,"url":"https:\/\/domingoseadvogados.com.br\/index.php\/2022\/07\/28\/exigencia-generica-de-certidao-de-antecedentes-criminais-por-supermercado-e-ilicita\/","url_meta":{"origin":1065,"position":2},"title":"Exig\u00eancia gen\u00e9rica de certid\u00e3o de antecedentes criminais por supermercado \u00e9 il\u00edcita","date":"julho 28, 2022","format":false,"excerpt":"A Oitava Turma do Tribunal Superior do Trabalho (TST) condenou a Mateus Supermercados S.A., de S\u00e3o Lu\u00eds (MA), a pagar R$ 100 mil de indeniza\u00e7\u00e3o por danos morais coletivos pela exig\u00eancia de antecedentes criminais para sele\u00e7\u00e3o de empregados. A empresa afirmou que a exig\u00eancia era feita a todos os empregados,\u2026","rel":"","context":"Em &quot;Not\u00edcias&quot;","img":{"alt_text":"","src":"","width":0,"height":0},"classes":[]},{"id":703,"url":"https:\/\/domingoseadvogados.com.br\/index.php\/2019\/07\/25\/varejista-e-condenada-por-dano-moral-coletivo-por-nao-fiscalizar-prestadoras-de-servicos\/","url_meta":{"origin":1065,"position":3},"title":"Varejista \u00e9 condenada por dano moral coletivo por n\u00e3o fiscalizar prestadoras de servi\u00e7os","date":"julho 25, 2019","format":false,"excerpt":"A Companhia Brasileira de Distribui\u00e7\u00e3o dever\u00e1 pagar indeniza\u00e7\u00e3o por danos morais coletivos por contratar empresas prestadoras de servi\u00e7os inid\u00f4neas e n\u00e3o fiscalizar o cumprimento das obriga\u00e7\u00f5es trabalhistas a favor dos empregados terceirizados. Somente em Mogi das Cruzes (SP), cinco prestadoras de servi\u00e7os desapareceram sem pagar sal\u00e1rios e verbas rescis\u00f3rias. A\u2026","rel":"","context":"Em &quot;Not\u00edcias&quot;","img":{"alt_text":"","src":"https:\/\/i0.wp.com\/domingoseadvogados.com.br\/wp-content\/uploads\/2018\/10\/procedimentos-justi\u00e7a-do-trabalho-1.jpg?resize=350%2C200&ssl=1","width":350,"height":200},"classes":[]},{"id":569,"url":"https:\/\/domingoseadvogados.com.br\/index.php\/2018\/12\/18\/justica-reconhece-estabilidade-a-vendedora-demitida-a-um-ano-da-aposentadoria\/","url_meta":{"origin":1065,"position":4},"title":"JUSTI\u00c7A RECONHECE ESTABILIDADE A VENDEDORA DEMITIDA A UM ANO DA APOSENTADORIA","date":"dezembro 18, 2018","format":false,"excerpt":"A Terceira Turma do Tribunal Superior do Trabalho deferiu estabilidade pr\u00e9-aposentadoria a vendedora de empresa de com\u00e9rcio varejista que foi dispensada sem justa causa a menos de um ano da aquisi\u00e7\u00e3o do direito \u00e0 aposentadoria volunt\u00e1ria. A Turma reconheceu a nulidade da dispensa e condenou a empresa ao pagamento de\u2026","rel":"","context":"Em &quot;Not\u00edcias&quot;","img":{"alt_text":"","src":"https:\/\/i0.wp.com\/domingoseadvogados.com.br\/wp-content\/uploads\/2018\/10\/procedimentos-justi\u00e7a-do-trabalho-1.jpg?resize=350%2C200&ssl=1","width":350,"height":200},"classes":[]},{"id":1161,"url":"https:\/\/domingoseadvogados.com.br\/index.php\/2023\/08\/09\/empresa-de-vigilancia-e-condenada-por-assedio-sexual-contra-empregadas\/","url_meta":{"origin":1065,"position":5},"title":"Empresa de vigil\u00e2ncia \u00e9 condenada por ass\u00e9dio sexual contra empregadas","date":"agosto 9, 2023","format":false,"excerpt":"Uma empresa de vigil\u00e2ncia do Paran\u00e1 (PR) foi condenada por dano moral coletivo em raz\u00e3o do ass\u00e9dio sexual praticado por um superior hier\u00e1rquico a duas vigilantes. A decis\u00e3o \u00e9 da S\u00e9tima Turma do Tribunal Superior do Trabalho, que determinou que os efeitos da condena\u00e7\u00e3o se estendam a todas as localidades\u2026","rel":"","context":"Em &quot;Not\u00edcias&quot;","img":{"alt_text":"","src":"https:\/\/i0.wp.com\/domingoseadvogados.com.br\/wp-content\/uploads\/2020\/04\/33.jpg?resize=350%2C200&ssl=1","width":350,"height":200},"classes":[]}],"_links":{"self":[{"href":"https:\/\/domingoseadvogados.com.br\/index.php\/wp-json\/wp\/v2\/posts\/1065"}],"collection":[{"href":"https:\/\/domingoseadvogados.com.br\/index.php\/wp-json\/wp\/v2\/posts"}],"about":[{"href":"https:\/\/domingoseadvogados.com.br\/index.php\/wp-json\/wp\/v2\/types\/post"}],"author":[{"embeddable":true,"href":"https:\/\/domingoseadvogados.com.br\/index.php\/wp-json\/wp\/v2\/users\/2"}],"replies":[{"embeddable":true,"href":"https:\/\/domingoseadvogados.com.br\/index.php\/wp-json\/wp\/v2\/comments?post=1065"}],"version-history":[{"count":1,"href":"https:\/\/domingoseadvogados.com.br\/index.php\/wp-json\/wp\/v2\/posts\/1065\/revisions"}],"predecessor-version":[{"id":1066,"href":"https:\/\/domingoseadvogados.com.br\/index.php\/wp-json\/wp\/v2\/posts\/1065\/revisions\/1066"}],"wp:featuredmedia":[{"embeddable":true,"href":"https:\/\/domingoseadvogados.com.br\/index.php\/wp-json\/wp\/v2\/media\/844"}],"wp:attachment":[{"href":"https:\/\/domingoseadvogados.com.br\/index.php\/wp-json\/wp\/v2\/media?parent=1065"}],"wp:term":[{"taxonomy":"category","embeddable":true,"href":"https:\/\/domingoseadvogados.com.br\/index.php\/wp-json\/wp\/v2\/categories?post=1065"},{"taxonomy":"post_tag","embeddable":true,"href":"https:\/\/domingoseadvogados.com.br\/index.php\/wp-json\/wp\/v2\/tags?post=1065"}],"curies":[{"name":"wp","href":"https:\/\/api.w.org\/{rel}","templated":true}]}}