{"id":1060,"date":"2021-05-03T09:09:00","date_gmt":"2021-05-03T12:09:00","guid":{"rendered":"http:\/\/domingoseadvogados.com.br\/?p=1060"},"modified":"2021-04-29T17:10:49","modified_gmt":"2021-04-29T20:10:49","slug":"condominios-residenciais-podem-impedir-uso-de-imoveis-para-locacao-pelo-airbnb-decide-quarta-turma","status":"publish","type":"post","link":"https:\/\/domingoseadvogados.com.br\/index.php\/2021\/05\/03\/condominios-residenciais-podem-impedir-uso-de-imoveis-para-locacao-pelo-airbnb-decide-quarta-turma\/","title":{"rendered":"Condom\u00ednios residenciais podem impedir uso de im\u00f3veis para loca\u00e7\u00e3o pelo Airbnb, decide Quarta Turma"},"content":{"rendered":"\n<p>Por maioria de votos, a Quarta Turma do Superior Tribunal de Justi\u00e7a (STJ) decidiu nesta ter\u00e7a-feira (20) que, caso a conven\u00e7\u00e3o do condom\u00ednio preveja a destina\u00e7\u00e3o residencial das unidades, os propriet\u00e1rios n\u00e3o poder\u00e3o alugar seus im\u00f3veis por meio de plataformas digitais como o Airbnb. No entanto, a conven\u00e7\u00e3o do condom\u00ednio pode autorizar a utiliza\u00e7\u00e3o das unidades nessa modalidade de aluguel.<\/p>\n\n\n\n<p>Para o colegiado, o sistema de reserva de im\u00f3veis pela plataforma digital \u00e9 caracterizado como uma esp\u00e9cie de contrato at\u00edpico de hospedagem \u2013 distinto da loca\u00e7\u00e3o por temporada e da hospedagem oferecida por empreendimentos hoteleiros, que possuem regulamenta\u00e7\u00f5es espec\u00edficas.<\/p>\n\n\n\n<p>Segundo a turma, havendo previs\u00e3o expressa de destina\u00e7\u00e3o residencial das unidades do condom\u00ednio, ser\u00e1 imposs\u00edvel a sua utiliza\u00e7\u00e3o para a atividade de hospedagem remunerada.<\/p>\n\n\n\n<p>Com a decis\u00e3o, os ministros mantiveram ac\u00f3rd\u00e3o do Tribunal de Justi\u00e7a do Rio Grande do Sul (TJRS) que determinou aos propriet\u00e1rios de duas unidades residenciais em condom\u00ednio que se abstivessem de oferecer seus im\u00f3veis para loca\u00e7\u00e3o pelo Airbnb. No entendimento do TJRS, essa pr\u00e1tica se caracteriza como atividade comercial e de hospedagem, proibida pela conven\u00e7\u00e3o condominial.<\/p>\n\n\n\n<h2 class=\"wp-block-heading\">Alta rotativida\u200b\u200bde<\/h2>\n\n\n\n<p>No voto acompanhado pela maioria do colegiado, o ministro Raul Ara\u00fajo apresentou uma distin\u00e7\u00e3o entre os conceitos de resid\u00eancia (morada habitual e est\u00e1vel), domic\u00edlio (resid\u00eancia com a inten\u00e7\u00e3o de perman\u00eancia definitiva) e hospedagem (habita\u00e7\u00e3o tempor\u00e1ria).<\/p>\n\n\n\n<p>Segundo o magistrado, entre as caracter\u00edsticas da hospedagem est\u00e3o a alta rotatividade no local e a oferta de servi\u00e7os \u2013 situa\u00e7\u00e3o presente no caso em julgamento, em que o im\u00f3vel era disponibilizado para diferentes pessoas em curto espa\u00e7o de tempo, com oferta de servi\u00e7os como lavagem de roupas.<\/p>\n\n\n\n<p>O ministro ressaltou que, como apontado pelo TJRS, o condom\u00ednio n\u00e3o se voltou contra a possibilidade de os propriet\u00e1rios fecharem contrato de aluguel de longa dura\u00e7\u00e3o, mas questionou a explora\u00e7\u00e3o de hospedagem remunerada, a qual teria trazido perturba\u00e7\u00e3o \u00e0 rotina do espa\u00e7o residencial e inseguran\u00e7a aos demais cond\u00f4minos.<\/p>\n\n\n\n<h2 class=\"wp-block-heading\">Contrato at\u200b\u200b\u00edpico<\/h2>\n\n\n\n<p>No campo normativo, Raul Ara\u00fajo lembrou que a Lei de Loca\u00e7\u00f5es considera aluguel para temporada aquele destinado \u00e0 resid\u00eancia tempor\u00e1ria do locat\u00e1rio, por prazo n\u00e3o superior a 90 dias. A legisla\u00e7\u00e3o, segundo o ministro, n\u00e3o trata da hip\u00f3tese de oferta de im\u00f3veis com alta rotatividade nem da possibilidade de divis\u00e3o de uma mesma unidade entre pessoas sem v\u00ednculo \u2013 como ocorreu no caso dos autos.<\/p>\n\n\n\n<p>Por outro lado, o magistrado apontou que as atividades realizadas por meio de plataformas como o Airbnb n\u00e3o possuem o modelo de neg\u00f3cio, nem a estrutura ou o profissionalismo suficientes para serem enquadradas na Lei 11.771\/2008 (Pol\u00edtica Nacional de Turismo), embora as caracter\u00edsticas desse tipo de loca\u00e7\u00e3o lembrem um contrato de hospedagem na modalidade at\u00edpica.<\/p>\n\n\n\n<p>&#8220;Tem-se um contrato at\u00edpico de hospedagem, expressando uma nova modalidade, singela e inovadora, de hospedagem de pessoas sem v\u00ednculo entre si, em ambientes f\u00edsicos de padr\u00e3o residencial e de prec\u00e1rio fracionamento para utiliza\u00e7\u00e3o privativa, de limitado conforto, exercida sem inerente profissionalismo por propriet\u00e1rio ou possuidor do im\u00f3vel, sendo a atividade comumente anunciada e contratada por meio de plataformas digitais variadas&#8221;, explicou o ministro.<\/p>\n\n\n\n<h2 class=\"wp-block-heading\">Ativida\u200b\u200bde l\u00edcita<\/h2>\n\n\n\n<p>Em seu voto, Raul Ara\u00fajo enfatizou que o contrato at\u00edpico de hospedagem realizado por meio de plataformas como o Airbnb n\u00e3o configura atividade il\u00edcita, desde que exercida nos limites da legisla\u00e7\u00e3o.<\/p>\n\n\n\n<p>O ministro apontou que o C\u00f3digo Civil, ao mesmo tempo em que reconhece ao propriet\u00e1rio o direito de dispor livremente de sua unidade residencial, tamb\u00e9m lhe imp\u00f5e o dever de observar a sua destina\u00e7\u00e3o e us\u00e1-la de maneira n\u00e3o abusiva, com respeito \u00e0 conven\u00e7\u00e3o do condom\u00ednio \u2013 instrumento com for\u00e7a normativa, segundo o pr\u00f3prio c\u00f3digo.<\/p>\n\n\n\n<p>&#8220;Assim, o direito do propriet\u00e1rio cond\u00f4mino de usar, gozar e dispor livremente do seu bem im\u00f3vel, nos termos dos artigos 1.228 e 1.335 do C\u00f3digo Civil de 2002 e 19 da Lei 4.591\/1964, deve harmonizar-se com os direitos relativos \u00e0 seguran\u00e7a, ao sossego e \u00e0 sa\u00fade das demais m\u00faltiplas propriedades abrangidas no condom\u00ednio, de acordo com as razo\u00e1veis limita\u00e7\u00f5es aprovadas pela maioria de cond\u00f4minos, pois s\u00e3o limita\u00e7\u00f5es concernentes \u00e0 natureza da propriedade privada em regime de condom\u00ednio edil\u00edcio&#8221;, concluiu o ministro ao manter o ac\u00f3rd\u00e3o do TJRS.\u200b<\/p>\n\n\n\n<h2 class=\"wp-block-heading\">Direito de propriedade&nbsp;<\/h2>\n\n\n\n<p>No in\u00edcio do julgamento, o relator, ministro Luis Felipe Salom\u00e3o \u2013 que ficou vencido \u2013, havia dado seu voto contra a possibilidade de os condom\u00ednios proibirem as loca\u00e7\u00f5es por meio de plataformas digitais. Para o ministro, essa modalidade n\u00e3o estaria inserida no conceito de hospedagem, mas, sim, no de loca\u00e7\u00e3o residencial por curta temporada. &nbsp;<\/p>\n\n\n\n<p>Al\u00e9m de entender que essa atividade n\u00e3o poderia ser enquadrada como estritamente comercial, Salom\u00e3o considerou que, caso fosse permitido que os condom\u00ednios vedassem a loca\u00e7\u00e3o tempor\u00e1ria, haveria viola\u00e7\u00e3o do direito de propriedade. &nbsp;<\/p>\n\n\n\n<p>Segundo o ministro, o condom\u00ednio poderia adotar mecanismos para garantir a seguran\u00e7a \u2013 como o cadastramento de pessoas na portaria \u2013, mas n\u00e3o seria poss\u00edvel impedir a atividade de loca\u00e7\u00e3o pelos propriet\u00e1rios.\u00a0\u200b<\/p>\n\n\n\n<p>FONTE STJ &#8211; PROCESSO REsp 1819075<\/p>\n","protected":false},"excerpt":{"rendered":"<p>Por maioria de votos, a Quarta Turma do Superior Tribunal de Justi\u00e7a (STJ) decidiu nesta ter\u00e7a-feira (20) que, caso a conven\u00e7\u00e3o do condom\u00ednio preveja a destina\u00e7\u00e3o residencial das unidades, os propriet\u00e1rios n\u00e3o poder\u00e3o alugar seus im\u00f3veis por meio de plataformas digitais como o Airbnb. No entanto, a conven\u00e7\u00e3o do condom\u00ednio pode autorizar a utiliza\u00e7\u00e3o das [&hellip;]<\/p>\n","protected":false},"author":2,"featured_media":844,"comment_status":"closed","ping_status":"closed","sticky":false,"template":"","format":"standard","meta":{"_mi_skip_tracking":false,"footnotes":""},"categories":[9],"tags":[7],"class_list":["post-1060","post","type-post","status-publish","format-standard","has-post-thumbnail","hentry","category-noticias","tag-civel"],"jetpack_featured_media_url":"https:\/\/domingoseadvogados.com.br\/wp-content\/uploads\/2020\/04\/33.jpg","jetpack-related-posts":[{"id":907,"url":"https:\/\/domingoseadvogados.com.br\/index.php\/2020\/06\/12\/legalidade-da-taxa-de-condominio-maior-para-apartamento-com-fracao-ideal-maior\/","url_meta":{"origin":1060,"position":0},"title":"Legalidade da taxa de condom\u00ednio maior para apartamento com fra\u00e7\u00e3o ideal maior","date":"junho 12, 2020","format":false,"excerpt":"A conven\u00e7\u00e3o condominial pode instituir, para apartamentos maiores, o pagamento de taxa de condom\u00ednio mais alta, vinculada \u00e0 fra\u00e7\u00e3o ideal da unidade. Com base no inciso I do artigo 1.336 do C\u00f3digo Civil, a Terceira Turma do Superior Tribunal de Justi\u00e7a (STJ) negou provimento ao recurso dos propriet\u00e1rios de uma\u2026","rel":"","context":"Em &quot;Not\u00edcias&quot;","img":{"alt_text":"","src":"https:\/\/i0.wp.com\/domingoseadvogados.com.br\/wp-content\/uploads\/2020\/04\/33.jpg?resize=350%2C200&ssl=1","width":350,"height":200},"classes":[]},{"id":1166,"url":"https:\/\/domingoseadvogados.com.br\/index.php\/2023\/08\/11\/arrematacao-de-apartamento-e-anulada-em-razao-de-penhora-anterior-em-acao-civel\/","url_meta":{"origin":1060,"position":1},"title":"Arremata\u00e7\u00e3o de apartamento \u00e9 anulada em raz\u00e3o de penhora anterior em a\u00e7\u00e3o c\u00edvel","date":"agosto 11, 2023","format":false,"excerpt":"A S\u00e9tima Turma do Tribunal Superior do Trabalho anulou a penhora e a arremata\u00e7\u00e3o de um apartamento no Butant\u00e3, em S\u00e3o Paulo (SP), que serviriam para a quita\u00e7\u00e3o de d\u00e9bitos trabalhistas. A decis\u00e3o leva em conta que, no momento da arremata\u00e7\u00e3o na execu\u00e7\u00e3o trabalhista, o im\u00f3vel, avaliado em R$ 1,6\u2026","rel":"","context":"Em &quot;Not\u00edcias&quot;","img":{"alt_text":"","src":"","width":0,"height":0},"classes":[]},{"id":791,"url":"https:\/\/domingoseadvogados.com.br\/index.php\/2019\/12\/18\/sentenca-e-anulada-por-negativa-de-adiamento-de-audiencia-para-ouvir-testemunhas\/","url_meta":{"origin":1060,"position":2},"title":"Senten\u00e7a \u00e9 anulada por negativa de adiamento de audi\u00eancia para ouvir testemunhas","date":"dezembro 18, 2019","format":false,"excerpt":"A Quarta Turma do Tribunal Superior do Trabalho declarou nula a senten\u00e7a proferida na reclama\u00e7\u00e3o trabalhista ajuizada por um vigilante contra um condom\u00ednio de S\u00e3o Jos\u00e9 do Rio Preto (SP) em raz\u00e3o do indeferimento de pedido de adiamento da audi\u00eancia para a intima\u00e7\u00e3o de testemunhas. Para a Turma, a decis\u00e3o\u2026","rel":"","context":"Em &quot;Not\u00edcias&quot;","img":{"alt_text":"","src":"https:\/\/i0.wp.com\/domingoseadvogados.com.br\/wp-content\/uploads\/2018\/10\/procedimentos-justi\u00e7a-do-trabalho-1.jpg?resize=350%2C200&ssl=1","width":350,"height":200},"classes":[]},{"id":507,"url":"https:\/\/domingoseadvogados.com.br\/index.php\/2018\/10\/11\/direito-real-de-habitacao\/","url_meta":{"origin":1060,"position":3},"title":"Direito real de habita\u00e7\u00e3o","date":"outubro 11, 2018","format":false,"excerpt":"O direito real de habita\u00e7\u00e3o do c\u00f4njuge sobrevivente no im\u00f3vel do casal, nos termos do artigo 1.831 do C\u00f3digo Civil, \u00e9 garantido independentemente de ele possuir outros bens em seu patrim\u00f4nio pessoal. Com esse entendimento, a Terceira Turma do Superior Tribunal de Justi\u00e7a (STJ) negou provimento a um recurso que\u2026","rel":"","context":"Em &quot;Not\u00edcias&quot;","img":{"alt_text":"","src":"","width":0,"height":0},"classes":[]},{"id":872,"url":"https:\/\/domingoseadvogados.com.br\/index.php\/2020\/05\/22\/clausula-de-impenhorabilidade-inserida-por-doador-de-imovel-nao-se-aplica-a-execucao-trabalhista\/","url_meta":{"origin":1060,"position":4},"title":"Cl\u00e1usula de impenhorabilidade inserida por doador de im\u00f3vel n\u00e3o se aplica \u00e0 execu\u00e7\u00e3o trabalhista","date":"maio 22, 2020","format":false,"excerpt":"A Quinta Turma do Tribunal Superior do Trabalho confirmou o entendimento de que a cl\u00e1usula de impenhorabilidade inserida por doador do im\u00f3vel n\u00e3o tem aplicabilidade na execu\u00e7\u00e3o de d\u00e9bitos trabalhistas. A decis\u00e3o fundamentou-se na Lei de Execu\u00e7\u00f5es Fiscais (Lei 6.830\/1980), que prev\u00ea que a totalidade dos bens e das rendas\u2026","rel":"","context":"Em &quot;Not\u00edcias&quot;","img":{"alt_text":"","src":"https:\/\/i0.wp.com\/domingoseadvogados.com.br\/wp-content\/uploads\/2020\/04\/33.jpg?resize=350%2C200&ssl=1","width":350,"height":200},"classes":[]},{"id":630,"url":"https:\/\/domingoseadvogados.com.br\/index.php\/2019\/03\/20\/acao-de-execucao-de-titulo-extrajudicial-pode-incluir-parcelas-a-vencer-no-curso-do-processo\/","url_meta":{"origin":1060,"position":5},"title":"A\u00e7\u00e3o de execu\u00e7\u00e3o de t\u00edtulo extrajudicial pode incluir parcelas a vencer no curso do processo","date":"mar\u00e7o 20, 2019","format":false,"excerpt":"A Terceira Turma do Superior Tribunal de Justi\u00e7a (STJ) decidiu que \u00e9 poss\u00edvel incluir, em a\u00e7\u00e3o de execu\u00e7\u00e3o de t\u00edtulo extrajudicial, as parcelas vincendas no d\u00e9bito exequendo at\u00e9 o cumprimento integral da obriga\u00e7\u00e3o no curso do processo. A decis\u00e3o foi dada em recurso apresentado por um condom\u00ednio contra ac\u00f3rd\u00e3o do\u2026","rel":"","context":"Em &quot;Not\u00edcias&quot;","img":{"alt_text":"","src":"https:\/\/i0.wp.com\/domingoseadvogados.com.br\/wp-content\/uploads\/2018\/10\/foto-contador-calculadora-relatorios.jpg?resize=350%2C200&ssl=1","width":350,"height":200},"classes":[]}],"_links":{"self":[{"href":"https:\/\/domingoseadvogados.com.br\/index.php\/wp-json\/wp\/v2\/posts\/1060"}],"collection":[{"href":"https:\/\/domingoseadvogados.com.br\/index.php\/wp-json\/wp\/v2\/posts"}],"about":[{"href":"https:\/\/domingoseadvogados.com.br\/index.php\/wp-json\/wp\/v2\/types\/post"}],"author":[{"embeddable":true,"href":"https:\/\/domingoseadvogados.com.br\/index.php\/wp-json\/wp\/v2\/users\/2"}],"replies":[{"embeddable":true,"href":"https:\/\/domingoseadvogados.com.br\/index.php\/wp-json\/wp\/v2\/comments?post=1060"}],"version-history":[{"count":1,"href":"https:\/\/domingoseadvogados.com.br\/index.php\/wp-json\/wp\/v2\/posts\/1060\/revisions"}],"predecessor-version":[{"id":1061,"href":"https:\/\/domingoseadvogados.com.br\/index.php\/wp-json\/wp\/v2\/posts\/1060\/revisions\/1061"}],"wp:featuredmedia":[{"embeddable":true,"href":"https:\/\/domingoseadvogados.com.br\/index.php\/wp-json\/wp\/v2\/media\/844"}],"wp:attachment":[{"href":"https:\/\/domingoseadvogados.com.br\/index.php\/wp-json\/wp\/v2\/media?parent=1060"}],"wp:term":[{"taxonomy":"category","embeddable":true,"href":"https:\/\/domingoseadvogados.com.br\/index.php\/wp-json\/wp\/v2\/categories?post=1060"},{"taxonomy":"post_tag","embeddable":true,"href":"https:\/\/domingoseadvogados.com.br\/index.php\/wp-json\/wp\/v2\/tags?post=1060"}],"curies":[{"name":"wp","href":"https:\/\/api.w.org\/{rel}","templated":true}]}}