{"id":1056,"date":"2021-04-29T17:02:33","date_gmt":"2021-04-29T20:02:33","guid":{"rendered":"http:\/\/domingoseadvogados.com.br\/?p=1056"},"modified":"2021-04-29T17:02:35","modified_gmt":"2021-04-29T20:02:35","slug":"cliente-que-pagou-mais-de-r-1-milhao-por-ferrari-recuperada-de-batida-grave-recebera-restituicao","status":"publish","type":"post","link":"https:\/\/domingoseadvogados.com.br\/index.php\/2021\/04\/29\/cliente-que-pagou-mais-de-r-1-milhao-por-ferrari-recuperada-de-batida-grave-recebera-restituicao\/","title":{"rendered":"Cliente que pagou mais de R$ 1 milh\u00e3o por Ferrari recuperada de batida grave receber\u00e1 restitui\u00e7\u00e3o"},"content":{"rendered":"\n<p>\u200bA Terceira Turma do Superior Tribunal de Justi\u00e7a (STJ), por maioria de votos, manteve ac\u00f3rd\u00e3o do Tribunal de Justi\u00e7a de Minas Gerais (TJMG) que condenou uma loja de ve\u00edculos a devolver os valores pagos por cliente que adquiriu uma Ferrari F-430 por R$ 1,17 milh\u00e3o, em 2009, sem saber que o carro teve sua estrutura recuperada ap\u00f3s se envolver em acidente grave.<\/p>\n\n\n\n<p>Al\u00e9m da restitui\u00e7\u00e3o do valor da compra, a loja dever\u00e1 reembolsar todas as despesas do comprador com seguro DPVAT, IPVA, revis\u00e3o automotiva e parecer t\u00e9cnico, bem como pagar uma indeniza\u00e7\u00e3o de R$ 25 mil por danos morais. A restitui\u00e7\u00e3o dos valores, entretanto, foi condicionada \u00e0 devolu\u00e7\u00e3o do carro.<\/p>\n\n\n\n<p>No recurso especial, a loja alegou que n\u00e3o havia v\u00edcio na qualidade do produto, j\u00e1 que o ve\u00edculo p\u00f4de ser utilizado normalmente pelo comprador durante o tempo em que permaneceu com ele. A empresa tamb\u00e9m defendeu que o desgaste do carro fosse considerado no c\u00e1lculo da restitui\u00e7\u00e3o, sob pena de enriquecimento sem causa do cliente.<\/p>\n\n\n\n<p>Al\u00e9m disso, apontou que as despesas de manuten\u00e7\u00e3o do ve\u00edculo durante o tempo de utiliza\u00e7\u00e3o deveriam ser imputadas ao cliente.<\/p>\n\n\n\n<h2 class=\"wp-block-heading\">Direito \u00e0 informa\u00e7\u00e3o<\/h2>\n\n\n\n<p>O ministro Marco Aur\u00e9lio Bellizze destacou que, nas hip\u00f3teses de v\u00edcio de qualidade do produto, o artigo 18, <a href=\"https:\/\/www.planalto.gov.br\/ccivil_03\/leis\/l8078.htm#art18%C2%A71\" target=\"_blank\" rel=\"noreferrer noopener\"><strong>par\u00e1grafo 1\u00ba<\/strong><\/a>, do C\u00f3digo de Defesa do Consumidor (CDC) possibilita que o cliente opte pela substitui\u00e7\u00e3o do bem por outro da mesma esp\u00e9cie, em perfeitas condi\u00e7\u00f5es de uso; pela restitui\u00e7\u00e3o imediata da quantia paga, sem preju\u00edzo de eventuais perdas e danos; ou pelo abatimento proporcional do pre\u00e7o.<\/p>\n\n\n\n<p>Segundo o ministro, o dispositivo deve ser interpretado em conjunto com o <a href=\"https:\/\/www.planalto.gov.br\/ccivil_03\/leis\/l8078.htm#art6\" target=\"_blank\" rel=\"noreferrer noopener\"><strong>artigo 6\u00ba<\/strong><\/a>, inciso III, do CDC, que estabelece o direito b\u00e1sico do consumidor \u00e0 informa\u00e7\u00e3o adequada e clara sobre todas as caracter\u00edsticas dos produtos e servi\u00e7os, como qualidade, quantidade, pre\u00e7o e eventuais riscos.<\/p>\n\n\n\n<p>No caso dos autos, Bellizze apontou que, de acordo com as inst\u00e2ncias ordin\u00e1rias, a loja n\u00e3o cumpriu o seu dever de informa\u00e7\u00e3o, j\u00e1 que caberia a ela informar o consumidor sobre o sinistro que o ve\u00edculo havia sofrido. Sem cumprir essa obriga\u00e7\u00e3o, afirmou o ministro, a empresa frustrou as leg\u00edtimas expectativas do consumidor, principalmente em rela\u00e7\u00e3o \u00e0 qualidade do produto.<\/p>\n\n\n\n<p>Al\u00e9m disso, o relator destacou que o TJMG entendeu n\u00e3o ser poss\u00edvel minimizar a culpa da empresa pela venda de ve\u00edculo recuperado, pois se trata de bem de alto valor, e quem se disp\u00f5e a pagar pre\u00e7o t\u00e3o alto n\u00e3o teria interesse em comprar um autom\u00f3vel danificado em acidente grave \u2013 fato que influencia o valor de mercado.<\/p>\n\n\n\n<h2 class=\"wp-block-heading\">Mitiga\u00e7\u00e3o de perdas<\/h2>\n\n\n\n<p>Em rela\u00e7\u00e3o aos gastos efetuados pelo cliente ap\u00f3s a compra, Bellizze observou que, caso ele n\u00e3o fizesse as revis\u00f5es, o ve\u00edculo sofreria deprecia\u00e7\u00e3o ainda maior, o que poderia gerar a sua condena\u00e7\u00e3o ao pagamento pela desvaloriza\u00e7\u00e3o excessiva do bem.<\/p>\n\n\n\n<p>No mesmo sentido, para o magistrado, a despesa com o laudo t\u00e9cnico encomendado pelo cliente deve ficar na responsabilidade do fornecedor, pois somente ap\u00f3s essa avalia\u00e7\u00e3o especializada \u00e9 que se constataram os v\u00edcios de qualidade do ve\u00edculo.<\/p>\n\n\n\n<p>Bellizze lembrou ainda que o pagamento do IPVA e do seguro obrigat\u00f3rio n\u00e3o \u00e9 uma op\u00e7\u00e3o para o contribuinte, pois ele poderia ser impedido de utilizar o ve\u00edculo e teria de arcar com os encargos morat\u00f3rios no momento da restitui\u00e7\u00e3o do bem ao fornecedor.<\/p>\n\n\n\n<p>&#8220;Portanto, o consumidor agiu em estrita observ\u00e2ncia ao princ\u00edpio da boa-f\u00e9 objetiva, exercendo seu dever de mitigar a pr\u00f3pria perda (<em>duty to mitigate the loss<\/em>), j\u00e1 que, se adotasse comportamento diverso, poderia responder pelo agravamento dos danos e pela maior deprecia\u00e7\u00e3o do ve\u00edculo&#8221;, concluiu o ministro.<\/p>\n\n\n\n<p>FONTE STJ &#8211; PROCESSO REsp 1681785<\/p>\n","protected":false},"excerpt":{"rendered":"<p>\u200bA Terceira Turma do Superior Tribunal de Justi\u00e7a (STJ), por maioria de votos, manteve ac\u00f3rd\u00e3o do Tribunal de Justi\u00e7a de Minas Gerais (TJMG) que condenou uma loja de ve\u00edculos a devolver os valores pagos por cliente que adquiriu uma Ferrari F-430 por R$ 1,17 milh\u00e3o, em 2009, sem saber que o carro teve sua estrutura [&hellip;]<\/p>\n","protected":false},"author":2,"featured_media":844,"comment_status":"closed","ping_status":"closed","sticky":false,"template":"","format":"standard","meta":{"_exactmetrics_skip_tracking":false,"footnotes":""},"categories":[9],"tags":[7],"class_list":["post-1056","post","type-post","status-publish","format-standard","has-post-thumbnail","hentry","category-noticias","tag-civel"],"jetpack_featured_media_url":"https:\/\/domingoseadvogados.com.br\/wp-content\/uploads\/2020\/04\/33.jpg","jetpack-related-posts":[{"id":550,"url":"https:\/\/domingoseadvogados.com.br\/index.php\/2018\/11\/30\/devolucao-dos-valores-na-rescisao-do-contrato-imobiliario\/","url_meta":{"origin":1056,"position":0},"title":"DEVOLU\u00c7\u00c3O DOS VALORES NA RESCIS\u00c3O DO CONTRATO IMOBILI\u00c1RIO","date":"novembro 30, 2018","format":false,"excerpt":"A rescis\u00e3o do contrato \u00e9 um direito do consumidor e, especificamente nos contratos de promessa de compra e venda de im\u00f3veis, diante dos altos valores das parcelas, \u00e9 comum que haja desist\u00eancia de continuidade do neg\u00f3cio, diante das adversidades que assolam a vida dos cidad\u00e3os brasileiros. O Superior Tribunal de\u2026","rel":"","context":"Em &quot;Not\u00edcias&quot;","img":{"alt_text":"","src":"","width":0,"height":0},"classes":[]},{"id":1054,"url":"https:\/\/domingoseadvogados.com.br\/index.php\/2021\/05\/06\/rede-varejista-e-condenada-por-assedio-moral-a-empregado-com-deficiencia-mental\/","url_meta":{"origin":1056,"position":1},"title":"Rede varejista \u00e9 condenada por ass\u00e9dio moral a empregado com defici\u00eancia mental","date":"maio 6, 2021","format":false,"excerpt":"A Quinta Turma do Tribunal Superior do Trabalho condenou a Havan Lojas de Departamentos Ltda. a pagar indeniza\u00e7\u00e3o de R$ 100 mil a um empregado com defici\u00eancia mental por ass\u00e9dio moral. As ofensas, baseadas na sua condi\u00e7\u00e3o de sa\u00fade, eram praticadas por seguran\u00e7as de uma loja da rede em Florian\u00f3polis\u2026","rel":"","context":"Em &quot;Not\u00edcias&quot;","img":{"alt_text":"","src":"https:\/\/i0.wp.com\/domingoseadvogados.com.br\/wp-content\/uploads\/2020\/04\/33.jpg?resize=350%2C200&ssl=1","width":350,"height":200},"classes":[]},{"id":956,"url":"https:\/\/domingoseadvogados.com.br\/index.php\/2020\/11\/01\/rede-de-lanchonete-e-condenada-por-assedio-moral-comprovado-contra-atendente\/","url_meta":{"origin":1056,"position":2},"title":"Rede de lanchonete \u00e9 condenada por ass\u00e9dio moral comprovado contra atendente","date":"novembro 1, 2020","format":false,"excerpt":"Uma loja da (suprimido) , em Varginha\u00a0(MG), foi condenada pela Segunda Turma do Tribunal Superior do Trabalho a pagar indeniza\u00e7\u00e3o de R$ 20 mil a uma ex-atendente, v\u00edtima de ass\u00e9dio moral pelo gerente. O recurso \u00e9 da trabalhadora, que pediu o aumento da condena\u00e7\u00e3o, fixada em R$ 2 mil pela\u2026","rel":"","context":"Em &quot;Not\u00edcias&quot;","img":{"alt_text":"","src":"https:\/\/i0.wp.com\/domingoseadvogados.com.br\/wp-content\/uploads\/2020\/04\/33.jpg?resize=350%2C200&ssl=1","width":350,"height":200},"classes":[]},{"id":687,"url":"https:\/\/domingoseadvogados.com.br\/index.php\/2019\/05\/24\/exclusao-do-icms-da-base-de-calculo-do-pis-cofins\/","url_meta":{"origin":1056,"position":3},"title":"Exclus\u00e3o do ICMS da Base de C\u00e1lculo do PIS\/COFINS","date":"maio 24, 2019","format":false,"excerpt":"A sigla vem a significar IMPOSTO SOBRE CIRCULA\u00c7\u00c3O DE MERCADORIAS e SERVI\u00c7OS, sendo base do faturamento dos Estados e do Distrito Federal, incide sobre produtos de diferentes tipos, desde eletrodom\u00e9sticos a balas, \u00e9 aplicado na comercializa\u00e7\u00e3o dentro e fora do pa\u00eds, sendo cobrado de forma indireta, j\u00e1 que seu valor\u2026","rel":"","context":"Em &quot;Not\u00edcias&quot;","img":{"alt_text":"","src":"","width":0,"height":0},"classes":[]},{"id":1042,"url":"https:\/\/domingoseadvogados.com.br\/index.php\/2021\/04\/30\/loja-de-material-de-construcao-e-condenada-a-indenizar-conferente-que-trabalhava-em-gaiola\/","url_meta":{"origin":1056,"position":4},"title":"Loja de material de constru\u00e7\u00e3o \u00e9 condenada a indenizar conferente que trabalhava em \u201cgaiola\u201d","date":"abril 30, 2021","format":false,"excerpt":"A Terceira Turma do Tribunal Superior do Trabalho confirmou o direito a indeniza\u00e7\u00e3o de uma conferente da Com\u00e9rcio de Materiais para Constru\u00e7\u00e3o Joli Ltda., de Jundia\u00ed (SP), que trabalhava em gaiolas, sem acesso a banheiro e bebedouro. Ao examinar o recurso, a Turma aumentou o valor da condena\u00e7\u00e3o para R$\u2026","rel":"","context":"Em &quot;Not\u00edcias&quot;","img":{"alt_text":"","src":"https:\/\/i0.wp.com\/domingoseadvogados.com.br\/wp-content\/uploads\/2020\/04\/33.jpg?resize=350%2C200&ssl=1","width":350,"height":200},"classes":[]},{"id":1013,"url":"https:\/\/domingoseadvogados.com.br\/index.php\/2021\/02\/22\/vendedora-recebera-comissoes-estornadas-pela-loja-por-inadimplencia-do-comprador\/","url_meta":{"origin":1056,"position":5},"title":"Vendedora receber\u00e1 comiss\u00f5es estornadas pela loja por inadimpl\u00eancia do comprador","date":"fevereiro 22, 2021","format":false,"excerpt":"A Terceira Turma do Tribunal Superior do Trabalho negou provimento ao recurso da Magazine Luiza S.A. contra a condena\u00e7\u00e3o ao pagamento, a uma vendedora, das diferen\u00e7as relativas ao estorno de comiss\u00f5es em consequ\u00eancia de inadimpl\u00eancia ou desist\u00eancia do comprador. Segundo o colegiado, o direito \u00e0 comiss\u00e3o surge ap\u00f3s encerrada a\u2026","rel":"","context":"Em &quot;Not\u00edcias&quot;","img":{"alt_text":"","src":"https:\/\/i0.wp.com\/domingoseadvogados.com.br\/wp-content\/uploads\/2020\/04\/33.jpg?resize=350%2C200&ssl=1","width":350,"height":200},"classes":[]}],"_links":{"self":[{"href":"https:\/\/domingoseadvogados.com.br\/index.php\/wp-json\/wp\/v2\/posts\/1056"}],"collection":[{"href":"https:\/\/domingoseadvogados.com.br\/index.php\/wp-json\/wp\/v2\/posts"}],"about":[{"href":"https:\/\/domingoseadvogados.com.br\/index.php\/wp-json\/wp\/v2\/types\/post"}],"author":[{"embeddable":true,"href":"https:\/\/domingoseadvogados.com.br\/index.php\/wp-json\/wp\/v2\/users\/2"}],"replies":[{"embeddable":true,"href":"https:\/\/domingoseadvogados.com.br\/index.php\/wp-json\/wp\/v2\/comments?post=1056"}],"version-history":[{"count":1,"href":"https:\/\/domingoseadvogados.com.br\/index.php\/wp-json\/wp\/v2\/posts\/1056\/revisions"}],"predecessor-version":[{"id":1057,"href":"https:\/\/domingoseadvogados.com.br\/index.php\/wp-json\/wp\/v2\/posts\/1056\/revisions\/1057"}],"wp:featuredmedia":[{"embeddable":true,"href":"https:\/\/domingoseadvogados.com.br\/index.php\/wp-json\/wp\/v2\/media\/844"}],"wp:attachment":[{"href":"https:\/\/domingoseadvogados.com.br\/index.php\/wp-json\/wp\/v2\/media?parent=1056"}],"wp:term":[{"taxonomy":"category","embeddable":true,"href":"https:\/\/domingoseadvogados.com.br\/index.php\/wp-json\/wp\/v2\/categories?post=1056"},{"taxonomy":"post_tag","embeddable":true,"href":"https:\/\/domingoseadvogados.com.br\/index.php\/wp-json\/wp\/v2\/tags?post=1056"}],"curies":[{"name":"wp","href":"https:\/\/api.w.org\/{rel}","templated":true}]}}