{"id":1054,"date":"2021-05-06T08:58:00","date_gmt":"2021-05-06T11:58:00","guid":{"rendered":"http:\/\/domingoseadvogados.com.br\/?p=1054"},"modified":"2021-04-29T17:00:27","modified_gmt":"2021-04-29T20:00:27","slug":"rede-varejista-e-condenada-por-assedio-moral-a-empregado-com-deficiencia-mental","status":"publish","type":"post","link":"https:\/\/domingoseadvogados.com.br\/index.php\/2021\/05\/06\/rede-varejista-e-condenada-por-assedio-moral-a-empregado-com-deficiencia-mental\/","title":{"rendered":"Rede varejista \u00e9 condenada por ass\u00e9dio moral a empregado com defici\u00eancia mental"},"content":{"rendered":"\n<p>A Quinta Turma do Tribunal Superior do Trabalho condenou a Havan Lojas de Departamentos Ltda. a pagar indeniza\u00e7\u00e3o de R$ 100 mil a um empregado com defici\u00eancia mental por ass\u00e9dio moral. As ofensas, baseadas na sua condi\u00e7\u00e3o de sa\u00fade, eram praticadas por seguran\u00e7as de uma loja da rede em Florian\u00f3polis (SC). Por maioria, o colegiado entendeu que o valor, superior ao de outras situa\u00e7\u00f5es de ass\u00e9dio moral, \u00e9 justo em raz\u00e3o da gravidade do caso. &nbsp;<\/p>\n\n\n\n<h4 class=\"wp-block-heading\">\u201cMaluco, retardado\u201d<\/h4>\n\n\n\n<p>O empregado trabalhou na Havan de 2002 a 2014. Contratado na cota de pessoas com defici\u00eancia como carregador de carrinhos, ele disse que tamb\u00e9m limpava banheiros, descarregava produtos e capinava o jardim nos arredores da loja. Na reclama\u00e7\u00e3o trabalhista, relatou que era alvo constante de agress\u00f5es verbais e psicol\u00f3gicas da equipe de seguran\u00e7a e pediu a rescis\u00e3o indireta do contrato de trabalho por falta grave do empregador e indeniza\u00e7\u00e3o por danos morais.<\/p>\n\n\n\n<p>O ju\u00edzo da 2\u00aa Vara do Trabalho de Florian\u00f3polis deferiu a rescis\u00e3o indireta e condenou a empresa ao pagamento de R$ 500 mil. A decis\u00e3o foi baseada em depoimento de uma seguran\u00e7a, cujo conte\u00fado n\u00e3o foi superado pela defesa da empresa. Conforme seu relato, dois seguran\u00e7as chamavam-no de \u201cmaluco e retardado\u201d, focavam nele nas filmagens com as c\u00e2meras de monitoramento para fazer zombarias e utilizavam aparelhos de comunica\u00e7\u00e3o (walkie talkie) em volume alto, para que o chefe, os demais seguran\u00e7as e o pr\u00f3prio carregador escutassem as agress\u00f5es. Consequentemente, ele era visto nos cantos da loja chorando de cabe\u00e7a baixa.&nbsp;<\/p>\n\n\n\n<p>Segundo a testemunha, o chefe da seguran\u00e7a consentia com as agress\u00f5es e obrigava o empregado a buscar carrinhos no estacionamento durante fortes chuvas, sem que houvesse necessidade. Ela ainda ouviu o chefe dizer para ele&nbsp;limpar uma sala para se acalmar e disse que a zombaria era comunicada a novos empregados tamb\u00e9m.<\/p>\n\n\n\n<p>O Tribunal Regional do Trabalho da 12\u00aa Regi\u00e3o (SC) manteve a rescis\u00e3o e o reconhecimento do ass\u00e9dio moral, mas reduziu a indeniza\u00e7\u00e3o para R$ 100 mil, levando em conta valores arbitrados em casos an\u00e1logos e o \u00faltimo sal\u00e1rio da v\u00edtima, de R$ 1.015.<\/p>\n\n\n\n<h4 class=\"wp-block-heading\">Gravidade<\/h4>\n\n\n\n<p>O relator do recurso de revista da Havan, ministro Breno Medeiros, votou pela redu\u00e7\u00e3o da indeniza\u00e7\u00e3o para R$ 20 mil, com base em valores deferidos pelo TST em outros casos de ass\u00e9dio moral. Prevaleceu, no entanto, a diverg\u00eancia apresentada pelo ministro Douglas Alencar pela rejei\u00e7\u00e3o do recurso. Ele explicou que a interven\u00e7\u00e3o do TST para alterar o valor arbitrado a t\u00edtulo de dano moral s\u00f3 \u00e9 pertinente nas hip\u00f3teses em que o montante \u00e9 visivelmente \u00ednfimo ou, por outro lado, bastante elevado.<\/p>\n\n\n\n<p>Ele chamou a aten\u00e7\u00e3o para a condi\u00e7\u00e3o do empregado e para a forma como foi praticado o ass\u00e9dio moral. Trata-se, a seu ver, de um caso diferenciado, que possibilita a an\u00e1lise do problema da discrimina\u00e7\u00e3o sofrida pelas pessoas com defici\u00eancia no mercado de trabalho. \u201cNo caso presente, o trabalhador foi tratado como um verdadeiro tolo\u201d, afirmou.&nbsp;<\/p>\n\n\n\n<p>O ministro lembrou que h\u00e1 decis\u00f5es do TST que estabeleceram montantes inferiores para as hip\u00f3teses de ass\u00e9dio moral em que o trabalhador \u00e9 submetido a tratamentos vexat\u00f3rios e humilhantes. Todavia, no caso, ele considerou as particularidades do caso e o objetivo da condena\u00e7\u00e3o de induzir a empresa a adotar pol\u00edticas internas de n\u00e3o discrimina\u00e7\u00e3o \u201ccontra quem quer que seja, em especial, quando o trabalhador tem defici\u00eancia mental\u201d, concluiu.&nbsp;<\/p>\n\n\n\n<p>Fonte TST &#8211; (GS\/CF) &#8211; https:\/\/www.tst.jus.br\/web\/guest\/-\/rede-varejista-%C3%A9-condenada-por-ass%C3%A9dio-moral-a-empregado-com-defici%C3%AAncia-mental<\/p>\n","protected":false},"excerpt":{"rendered":"<p>A Quinta Turma do Tribunal Superior do Trabalho condenou a Havan Lojas de Departamentos Ltda. a pagar indeniza\u00e7\u00e3o de R$ 100 mil a um empregado com defici\u00eancia mental por ass\u00e9dio moral. As ofensas, baseadas na sua condi\u00e7\u00e3o de sa\u00fade, eram praticadas por seguran\u00e7as de uma loja da rede em Florian\u00f3polis (SC). Por maioria, o colegiado [&hellip;]<\/p>\n","protected":false},"author":2,"featured_media":844,"comment_status":"closed","ping_status":"closed","sticky":false,"template":"","format":"standard","meta":{"_mi_skip_tracking":false,"footnotes":""},"categories":[9],"tags":[4],"class_list":["post-1054","post","type-post","status-publish","format-standard","has-post-thumbnail","hentry","category-noticias","tag-trabalhista"],"jetpack_featured_media_url":"https:\/\/domingoseadvogados.com.br\/wp-content\/uploads\/2020\/04\/33.jpg","jetpack-related-posts":[{"id":746,"url":"https:\/\/domingoseadvogados.com.br\/index.php\/2019\/09\/27\/garcom-sera-indenizado-por-ter-sido-vitima-de-assedio-apos-ajuizar-acao\/","url_meta":{"origin":1054,"position":0},"title":"Gar\u00e7om ser\u00e1 indenizado por ter sido v\u00edtima de ass\u00e9dio ap\u00f3s ajuizar a\u00e7\u00e3o","date":"setembro 27, 2019","format":false,"excerpt":"24\/09\/19 - A Segunda Turma do Tribunal Superior do Trabalho condenou o Restaurante (...) Ltda., de S\u00e3o Paulo (SP), ao pagamento de indeniza\u00e7\u00e3o de R$ 10 mil a um gar\u00e7om que havia demonstrado ter sofrido ass\u00e9dio moral. Ap\u00f3s ajuizar a\u00e7\u00e3o anterior contra a empresa, ele passou a ser tratado de\u2026","rel":"","context":"Em &quot;Not\u00edcias&quot;","img":{"alt_text":"","src":"https:\/\/i0.wp.com\/domingoseadvogados.com.br\/wp-content\/uploads\/2018\/10\/vostrebovanye-profesii-2017-e1497900710450.jpg?resize=350%2C200&ssl=1","width":350,"height":200},"classes":[]},{"id":956,"url":"https:\/\/domingoseadvogados.com.br\/index.php\/2020\/11\/01\/rede-de-lanchonete-e-condenada-por-assedio-moral-comprovado-contra-atendente\/","url_meta":{"origin":1054,"position":1},"title":"Rede de lanchonete \u00e9 condenada por ass\u00e9dio moral comprovado contra atendente","date":"novembro 1, 2020","format":false,"excerpt":"Uma loja da (suprimido) , em Varginha\u00a0(MG), foi condenada pela Segunda Turma do Tribunal Superior do Trabalho a pagar indeniza\u00e7\u00e3o de R$ 20 mil a uma ex-atendente, v\u00edtima de ass\u00e9dio moral pelo gerente. O recurso \u00e9 da trabalhadora, que pediu o aumento da condena\u00e7\u00e3o, fixada em R$ 2 mil pela\u2026","rel":"","context":"Em &quot;Not\u00edcias&quot;","img":{"alt_text":"","src":"https:\/\/i0.wp.com\/domingoseadvogados.com.br\/wp-content\/uploads\/2020\/04\/33.jpg?resize=350%2C200&ssl=1","width":350,"height":200},"classes":[]},{"id":1101,"url":"https:\/\/domingoseadvogados.com.br\/index.php\/2021\/07\/28\/telefonica-tera-de-indenizar-atendente-que-tinha-pausas-para-ir-ao-banheiro-vinculadas-a-remuneracao\/","url_meta":{"origin":1054,"position":2},"title":"Telef\u00f4nica ter\u00e1 de indenizar atendente que tinha pausas para ir ao banheiro vinculadas a remunera\u00e7\u00e3o","date":"julho 28, 2021","format":false,"excerpt":"A Sexta Turma do Tribunal Superior do Trabalho condenou a Telef\u00f4nica Brasil S.A., em Maring\u00e1 (PR), a pagar R$ 5 mil de indeniza\u00e7\u00e3o por danos morais a uma atendente por utilizar programa de incentivo condicionado a restri\u00e7\u00e3o de pausas para ir ao banheiro. Al\u00e9m de serem contadas para fins remunerat\u00f3rios,\u2026","rel":"","context":"Em &quot;Not\u00edcias&quot;","img":{"alt_text":"","src":"https:\/\/i0.wp.com\/domingoseadvogados.com.br\/wp-content\/uploads\/2020\/04\/33.jpg?resize=350%2C200&ssl=1","width":350,"height":200},"classes":[]},{"id":1161,"url":"https:\/\/domingoseadvogados.com.br\/index.php\/2023\/08\/09\/empresa-de-vigilancia-e-condenada-por-assedio-sexual-contra-empregadas\/","url_meta":{"origin":1054,"position":3},"title":"Empresa de vigil\u00e2ncia \u00e9 condenada por ass\u00e9dio sexual contra empregadas","date":"agosto 9, 2023","format":false,"excerpt":"Uma empresa de vigil\u00e2ncia do Paran\u00e1 (PR) foi condenada por dano moral coletivo em raz\u00e3o do ass\u00e9dio sexual praticado por um superior hier\u00e1rquico a duas vigilantes. A decis\u00e3o \u00e9 da S\u00e9tima Turma do Tribunal Superior do Trabalho, que determinou que os efeitos da condena\u00e7\u00e3o se estendam a todas as localidades\u2026","rel":"","context":"Em &quot;Not\u00edcias&quot;","img":{"alt_text":"","src":"https:\/\/i0.wp.com\/domingoseadvogados.com.br\/wp-content\/uploads\/2020\/04\/33.jpg?resize=350%2C200&ssl=1","width":350,"height":200},"classes":[]},{"id":967,"url":"https:\/\/domingoseadvogados.com.br\/index.php\/2023\/10\/24\/ausencia-de-ressalva-nao-impede-conversao-de-dispensa-em-rescisao-indireta\/","url_meta":{"origin":1054,"position":4},"title":"Aus\u00eancia de ressalva n\u00e3o impede convers\u00e3o de dispensa em rescis\u00e3o indireta","date":"outubro 24, 2023","format":false,"excerpt":"A Quinta Turma do Tribunal Superior do Trabalho reconheceu a rescis\u00e3o indireta do contrato de trabalho de uma banc\u00e1ria do Banco do Brasil S.A., em Bel\u00e9m (PA). Ela havia pedido demiss\u00e3o e, posteriormente, pleiteou a convers\u00e3o em rescis\u00e3o por culpa do empregador. Para a Turma, o fato de n\u00e3o haver\u2026","rel":"","context":"Em &quot;Not\u00edcias&quot;","img":{"alt_text":"","src":"https:\/\/i0.wp.com\/domingoseadvogados.com.br\/wp-content\/uploads\/2020\/04\/33.jpg?resize=350%2C200&ssl=1","width":350,"height":200},"classes":[]},{"id":670,"url":"https:\/\/domingoseadvogados.com.br\/index.php\/2019\/05\/25\/tratamento-jocoso-resulta-em-condenacao-de-empresa-a-indenizar-analista-de-suporte\/","url_meta":{"origin":1054,"position":5},"title":"Tratamento jocoso resulta em condena\u00e7\u00e3o de empresa a indenizar analista de suporte","date":"maio 25, 2019","format":false,"excerpt":"A Segunda Turma do Tribunal Superior do Trabalho condenou a Positivo Tecnologia S. A. a indenizar um analista de suporte que era tratado de maneira jocosa pelo supervisor por utilizar o banheiro com mais frequ\u00eancia que os demais colegas. Para a Turma, n\u00e3o h\u00e1 d\u00favidas a respeito da exposi\u00e7\u00e3o do\u2026","rel":"","context":"Em &quot;Not\u00edcias&quot;","img":{"alt_text":"","src":"https:\/\/i0.wp.com\/domingoseadvogados.com.br\/wp-content\/uploads\/2018\/10\/procedimentos-justi\u00e7a-do-trabalho-1.jpg?resize=350%2C200&ssl=1","width":350,"height":200},"classes":[]}],"_links":{"self":[{"href":"https:\/\/domingoseadvogados.com.br\/index.php\/wp-json\/wp\/v2\/posts\/1054"}],"collection":[{"href":"https:\/\/domingoseadvogados.com.br\/index.php\/wp-json\/wp\/v2\/posts"}],"about":[{"href":"https:\/\/domingoseadvogados.com.br\/index.php\/wp-json\/wp\/v2\/types\/post"}],"author":[{"embeddable":true,"href":"https:\/\/domingoseadvogados.com.br\/index.php\/wp-json\/wp\/v2\/users\/2"}],"replies":[{"embeddable":true,"href":"https:\/\/domingoseadvogados.com.br\/index.php\/wp-json\/wp\/v2\/comments?post=1054"}],"version-history":[{"count":1,"href":"https:\/\/domingoseadvogados.com.br\/index.php\/wp-json\/wp\/v2\/posts\/1054\/revisions"}],"predecessor-version":[{"id":1055,"href":"https:\/\/domingoseadvogados.com.br\/index.php\/wp-json\/wp\/v2\/posts\/1054\/revisions\/1055"}],"wp:featuredmedia":[{"embeddable":true,"href":"https:\/\/domingoseadvogados.com.br\/index.php\/wp-json\/wp\/v2\/media\/844"}],"wp:attachment":[{"href":"https:\/\/domingoseadvogados.com.br\/index.php\/wp-json\/wp\/v2\/media?parent=1054"}],"wp:term":[{"taxonomy":"category","embeddable":true,"href":"https:\/\/domingoseadvogados.com.br\/index.php\/wp-json\/wp\/v2\/categories?post=1054"},{"taxonomy":"post_tag","embeddable":true,"href":"https:\/\/domingoseadvogados.com.br\/index.php\/wp-json\/wp\/v2\/tags?post=1054"}],"curies":[{"name":"wp","href":"https:\/\/api.w.org\/{rel}","templated":true}]}}