{"id":1044,"date":"2021-04-29T17:46:00","date_gmt":"2021-04-29T20:46:00","guid":{"rendered":"http:\/\/domingoseadvogados.com.br\/?p=1044"},"modified":"2021-04-29T16:48:09","modified_gmt":"2021-04-29T19:48:09","slug":"reducao-de-parte-de-intervalo-contratual-de-duas-horas-resulta-em-pagamento-integral-do-periodo","status":"publish","type":"post","link":"https:\/\/domingoseadvogados.com.br\/index.php\/2021\/04\/29\/reducao-de-parte-de-intervalo-contratual-de-duas-horas-resulta-em-pagamento-integral-do-periodo\/","title":{"rendered":"Redu\u00e7\u00e3o de parte de intervalo contratual de duas horas resulta em pagamento integral do per\u00edodo"},"content":{"rendered":"\n<p>A S\u00e9tima Turma do Tribunal Superior do Trabalho deferiu a uma analista de cr\u00e9dito e cobran\u00e7a da Via Varejo S.A. em Belo Horizonte (MG) o pagamento de duas horas extras di\u00e1rias referentes ao intervalo intrajornada usufru\u00eddo de forma irregular. Segundo a Turma, a previs\u00e3o contratual de intervalo superior ao estabelecido em lei d\u00e1 ao empregado o direito de usufru\u00ed-lo da forma acertada, e, se isso n\u00e3o ocorrer, deve ser remunerada a integralidade da pausa.<\/p>\n\n\n\n<h4 class=\"wp-block-heading\">Duas horas<\/h4>\n\n\n\n<p>Na reclama\u00e7\u00e3o trabalhista, a auxiliar de escrit\u00f3rio da Via Varejo (grupo que re\u00fane as Casas Bahia e o Ponto Frio) disse que fora contratada para cumprir jornada de 44 horas semanais, com duas horas di\u00e1rias de intervalo. No entanto, o per\u00edodo era geralmente de apenas 30 minutos, sobretudo em ocasi\u00f5es como Dia das M\u00e3es, dos Pais e dos Namorados, Natal e \u201cBlack Friday\u201d. Pedia, assim, o pagamento dos intervalos n\u00e3o usufru\u00eddos, como horas extras.<\/p>\n\n\n\n<h4 class=\"wp-block-heading\">Uma hora<\/h4>\n\n\n\n<p>O ju\u00edzo de primeiro grau e o Tribunal Regional do Trabalho da 3\u00aa Regi\u00e3o (MG) entenderam que era devido apenas o pagamento de uma hora extra, tempo m\u00ednimo previsto em lei (artigo 71 da CLT).<\/p>\n\n\n\n<h4 class=\"wp-block-heading\">Condi\u00e7\u00f5es adequadas<\/h4>\n\n\n\n<p>O relator do recurso de revista da analista, ministro Cl\u00e1udio Brand\u00e3o, destacou que a concess\u00e3o do intervalo intrajornada tem a finalidade de assegurar a sa\u00fade f\u00edsica e mental do trabalhador e, por isso, respalda-se em norma de ordem p\u00fablica de observ\u00e2ncia obrigat\u00f3ria. O interesse p\u00fablico predominante \u00e9 garantir condi\u00e7\u00f5es adequadas de trabalho e evitar o custo de poss\u00edvel afastamento por doen\u00e7a ocupacional.<\/p>\n\n\n\n<h4 class=\"wp-block-heading\">Supress\u00e3o<\/h4>\n\n\n\n<p>Segundo o ministro, pouco importa se houve supress\u00e3o total ou parcial do intervalo. \u201cEm qualquer caso, \u00e9 devido o pagamento total do per\u00edodo correspondente, com acr\u00e9scimo de, no m\u00ednimo, 50%\u201d, afirmou, com base na S\u00famula 437 do TST.<\/p>\n\n\n\n<p>No caso, o intervalo n\u00e3o observado era de duas horas. \u201cSe o empregador frustra esse direito, concedendo intervalo inferior, deve remunerar a integralidade da pausa, nos moldes previstos no artigo 71, par\u00e1grafo 4\u00ba, da CLT\u201d, concluiu.<\/p>\n\n\n\n<p>A decis\u00e3o foi un\u00e2nime.<\/p>\n\n\n\n<p>FONTE TST &#8211; (MC\/CF) &#8211; Processo: RR-0011250-80.2017.5.03.0113<\/p>\n","protected":false},"excerpt":{"rendered":"<p>A S\u00e9tima Turma do Tribunal Superior do Trabalho deferiu a uma analista de cr\u00e9dito e cobran\u00e7a da Via Varejo S.A. em Belo Horizonte (MG) o pagamento de duas horas extras di\u00e1rias referentes ao intervalo intrajornada usufru\u00eddo de forma irregular. Segundo a Turma, a previs\u00e3o contratual de intervalo superior ao estabelecido em lei d\u00e1 ao empregado [&hellip;]<\/p>\n","protected":false},"author":2,"featured_media":844,"comment_status":"closed","ping_status":"closed","sticky":false,"template":"","format":"standard","meta":{"_mi_skip_tracking":false,"footnotes":""},"categories":[9],"tags":[4],"class_list":["post-1044","post","type-post","status-publish","format-standard","has-post-thumbnail","hentry","category-noticias","tag-trabalhista"],"jetpack_featured_media_url":"https:\/\/domingoseadvogados.com.br\/wp-content\/uploads\/2020\/04\/33.jpg","jetpack-related-posts":[{"id":633,"url":"https:\/\/domingoseadvogados.com.br\/index.php\/2019\/04\/02\/trabalho-extra-habitual-em-jornada-de-6-horas-deve-ter-intervalo-de-refeicao-e-descanso-de-1-hora\/","url_meta":{"origin":1044,"position":0},"title":"TRABALHO EXTRA HABITUAL EM JORNADA DE 6 HORAS DEVE TER INTERVALO DE REFEI\u00c7\u00c3O E DESCANSO DE 1 HORA","date":"abril 2, 2019","format":false,"excerpt":"A Sexta e a Primeira Turmas do Tribunal Superior do Trabalho julgaram dois recursos de revista sobre os efeitos da prorroga\u00e7\u00e3o da jornada de seis horas na dura\u00e7\u00e3o do intervalo para repouso e alimenta\u00e7\u00e3o (intrajornada). Com base na jurisprud\u00eancia de que a prorroga\u00e7\u00e3o habitual da jornada gera direito ao intervalo\u2026","rel":"","context":"Em &quot;Not\u00edcias&quot;","img":{"alt_text":"","src":"https:\/\/i0.wp.com\/domingoseadvogados.com.br\/wp-content\/uploads\/2018\/10\/direito-trabalhista1-500x281.jpg?resize=350%2C200&ssl=1","width":350,"height":200},"classes":[]},{"id":617,"url":"https:\/\/domingoseadvogados.com.br\/index.php\/2019\/03\/19\/hora-noturna-reduzida-garante-a-empregado-intervalo-de-60-minutos\/","url_meta":{"origin":1044,"position":1},"title":"Hora noturna reduzida garante a empregado intervalo de 60 minutos","date":"mar\u00e7o 19, 2019","format":false,"excerpt":"A Quinta Turma do Tribunal Superior do Trabalho condenou a empresa (...)., de Forquilhinha (SC), a pagar horas extras a um empregado por n\u00e3o conceder de forma integral o repouso de 60 minutos ap\u00f3s a jornada de seis horas. Para tanto, a Turma considerou que o turno, cumprido integralmente \u00e0\u2026","rel":"","context":"Em &quot;Not\u00edcias&quot;","img":{"alt_text":"","src":"https:\/\/i0.wp.com\/domingoseadvogados.com.br\/wp-content\/uploads\/2018\/10\/direito-trabalhista1-500x281.jpg?resize=350%2C200&ssl=1","width":350,"height":200},"classes":[]},{"id":666,"url":"https:\/\/domingoseadvogados.com.br\/index.php\/2019\/05\/23\/advogado-contratado-sem-dedicacao-exclusiva-recebera-por-horas-extras-alem-da-quarta\/","url_meta":{"origin":1044,"position":2},"title":"Advogado contratado sem dedica\u00e7\u00e3o exclusiva receber\u00e1 por horas extras al\u00e9m da quarta","date":"maio 23, 2019","format":false,"excerpt":"A Unimed Belo Horizonte Cooperativa de Trabalho M\u00e9dico Ltda. (Unimed-BH) foi condenada pela Quarta Turma do Tribunal Superior do Trabalho a pagar a um advogado, como horas extras, o tempo de trabalho prestado a partir da quarta hora di\u00e1ria e da vig\u00e9sima semanal, acrescidas do adicional de 100%. Embora ele\u2026","rel":"","context":"Em &quot;Not\u00edcias&quot;","img":{"alt_text":"","src":"https:\/\/i0.wp.com\/domingoseadvogados.com.br\/wp-content\/uploads\/2018\/10\/shutterstock_108943724-1000x675.jpg?resize=350%2C200&ssl=1","width":350,"height":200},"classes":[]},{"id":341,"url":"https:\/\/domingoseadvogados.com.br\/index.php\/2018\/09\/27\/reducao-de-intervalo-e-invalida-em-empresa-que-usa-compensacao-de-horas\/","url_meta":{"origin":1044,"position":3},"title":"Redu\u00e7\u00e3o de intervalo \u00e9 inv\u00e1lida em empresa que usa compensa\u00e7\u00e3o de horas","date":"setembro 27, 2018","format":false,"excerpt":"Redu\u00e7\u00e3o de intervalo \u00e9 inv\u00e1lida em empresa que usa compensa\u00e7\u00e3o de horas A prorroga\u00e7\u00e3o da jornada afastou a autoriza\u00e7\u00e3o para diminuir o intervalo de descanso. A Quinta Turma do Tribunal Superior do Trabalho considerou que o regime de compensa\u00e7\u00e3o semanal de horas invalida a redu\u00e7\u00e3o do intervalo intrajornada para descanso\u2026","rel":"","context":"Em &quot;Not\u00edcias&quot;","img":{"alt_text":"","src":"","width":0,"height":0},"classes":[]},{"id":185,"url":"https:\/\/domingoseadvogados.com.br\/index.php\/2017\/11\/22\/repouso-para-alimentacao-no-trabalho\/","url_meta":{"origin":1044,"position":4},"title":"Repouso para alimenta\u00e7\u00e3o no trabalho","date":"novembro 22, 2017","format":false,"excerpt":"Repouso para alimenta\u00e7\u00e3o no trabalho Diz a lei trabalhista (artigo 71) que qualquer trabalho cont\u00ednuo, cuja dura\u00e7\u00e3o exceda de 6 (seis) horas, \u00e9 obrigat\u00f3ria a concess\u00e3o de um intervalo para repouso ou alimenta\u00e7\u00e3o, de no m\u00ednimo, de 1 (uma) hora, o denominado intervalo intrajornada. A reforma trabalhista permite que esse\u2026","rel":"","context":"Em &quot;Not\u00edcias&quot;","img":{"alt_text":"","src":"","width":0,"height":0},"classes":[]},{"id":900,"url":"https:\/\/domingoseadvogados.com.br\/index.php\/2020\/06\/04\/central-de-teleatendimento-e-condenada-por-controlar-uso-de-banheiro\/","url_meta":{"origin":1044,"position":5},"title":"Central de teleatendimento \u00e9 condenada por controlar uso de banheiro","date":"junho 4, 2020","format":false,"excerpt":"A\u00a0Sexta Turma do Tribunal Superior do Trabalho condenou a empresa (suprimido) a pagar R$ 3 mil de indeniza\u00e7\u00e3o a uma atendente de telemarketing de Campina Grande (PB) que tinha suas idas ao banheiro controladas. Para a Turma, restringir uso de toaletes e fiscalizar o tempo gasto com essa finalidade n\u00e3o\u2026","rel":"","context":"Em &quot;Not\u00edcias&quot;","img":{"alt_text":"","src":"https:\/\/i0.wp.com\/domingoseadvogados.com.br\/wp-content\/uploads\/2020\/04\/33.jpg?resize=350%2C200&ssl=1","width":350,"height":200},"classes":[]}],"_links":{"self":[{"href":"https:\/\/domingoseadvogados.com.br\/index.php\/wp-json\/wp\/v2\/posts\/1044"}],"collection":[{"href":"https:\/\/domingoseadvogados.com.br\/index.php\/wp-json\/wp\/v2\/posts"}],"about":[{"href":"https:\/\/domingoseadvogados.com.br\/index.php\/wp-json\/wp\/v2\/types\/post"}],"author":[{"embeddable":true,"href":"https:\/\/domingoseadvogados.com.br\/index.php\/wp-json\/wp\/v2\/users\/2"}],"replies":[{"embeddable":true,"href":"https:\/\/domingoseadvogados.com.br\/index.php\/wp-json\/wp\/v2\/comments?post=1044"}],"version-history":[{"count":1,"href":"https:\/\/domingoseadvogados.com.br\/index.php\/wp-json\/wp\/v2\/posts\/1044\/revisions"}],"predecessor-version":[{"id":1045,"href":"https:\/\/domingoseadvogados.com.br\/index.php\/wp-json\/wp\/v2\/posts\/1044\/revisions\/1045"}],"wp:featuredmedia":[{"embeddable":true,"href":"https:\/\/domingoseadvogados.com.br\/index.php\/wp-json\/wp\/v2\/media\/844"}],"wp:attachment":[{"href":"https:\/\/domingoseadvogados.com.br\/index.php\/wp-json\/wp\/v2\/media?parent=1044"}],"wp:term":[{"taxonomy":"category","embeddable":true,"href":"https:\/\/domingoseadvogados.com.br\/index.php\/wp-json\/wp\/v2\/categories?post=1044"},{"taxonomy":"post_tag","embeddable":true,"href":"https:\/\/domingoseadvogados.com.br\/index.php\/wp-json\/wp\/v2\/tags?post=1044"}],"curies":[{"name":"wp","href":"https:\/\/api.w.org\/{rel}","templated":true}]}}