{"id":1020,"date":"2021-02-24T09:00:00","date_gmt":"2021-02-24T12:00:00","guid":{"rendered":"http:\/\/domingoseadvogados.com.br\/?p=1020"},"modified":"2021-02-18T18:42:02","modified_gmt":"2021-02-18T21:42:02","slug":"eletricista-de-manutencao-de-rede-de-energia-recebera-adicional-de-periculosidade","status":"publish","type":"post","link":"https:\/\/domingoseadvogados.com.br\/index.php\/2021\/02\/24\/eletricista-de-manutencao-de-rede-de-energia-recebera-adicional-de-periculosidade\/","title":{"rendered":"Eletricista de manuten\u00e7\u00e3o de rede de energia receber\u00e1 adicional de periculosidade"},"content":{"rendered":"\n<p>A Segunda Turma do Tribunal Superior do Trabalho condenou a empresa paulista M&amp;G Fibras e Resinas Ltda. a pagar o adicional de periculosidade a um eletricista que fazia manuten\u00e7\u00e3o de redes e de componentes de alta e baixa tens\u00e3o, energizada ou n\u00e3o. De acordo com a jurisprud\u00eancia do TST, o contato com o agente de risco, ainda que por poucos minutos di\u00e1rios, caracteriza a exposi\u00e7\u00e3o intermitente.<\/p>\n\n\n\n<p>Perman\u00eancia<\/p>\n\n\n\n<p>As atividades do eletricista consistiam na manuten\u00e7\u00e3o de redes e componentes de alta e baixa tens\u00e3o, energizadas ou desenergizadas, montagem, instala\u00e7\u00e3o, substitui\u00e7\u00e3o e reparos em baixa e alta tens\u00e3o de disjuntores, fus\u00edveis, chaves e seccionadoras, pain\u00e9is, circuitos el\u00e9tricos e sistema de ilumina\u00e7\u00e3o. De acordo com as testemunhas, ele tinha de entrar no local de risco (a cabine energizada) tr\u00eas vezes por semana, onde permanecia de cinco a dez minutos.<\/p>\n\n\n\n<p>O adicional foi indeferido pelo ju\u00edzo de primeiro grau, e a senten\u00e7a foi mantida pelo Tribunal Regional do Trabalho da 15\u00aa Regi\u00e3o (Campinas\/SP), por considerar que a perman\u00eancia no local de risco era extremamente reduzida.<\/p>\n\n\n\n<p>Exposi\u00e7\u00e3o di\u00e1ria<\/p>\n\n\n\n<p>Para a relatora do recurso de revista do eletricista, ministra Maria Helena Mallmann, a situa\u00e7\u00e3o descrita no processo n\u00e3o afasta o conv\u00edvio com as condi\u00e7\u00f5es perigosas, ainda que em alguns minutos da jornada. \u201cO risco \u00e9 de consequ\u00eancias graves, podendo alcan\u00e7ar resultado letal em uma fra\u00e7\u00e3o de segundo\u201d, afirmou.<\/p>\n\n\n\n<p>A ministra lembrou que, de acordo com a jurisprud\u00eancia do TST (S\u00famula 364), o contato com o agente de risco, ainda que por poucos minutos di\u00e1rios, caracteriza a exposi\u00e7\u00e3o intermitente, e, portanto, \u00e9 devido o adicional.<\/p>\n\n\n\n<p>A decis\u00e3o foi un\u00e2nime.<\/p>\n\n\n\n<p>Fonte &#8211; TST &#8211; (MC\/CF) &#8211; Processo: \u00a0RR-0002414-72.2012.5.15.0077<\/p>\n","protected":false},"excerpt":{"rendered":"<p>A Segunda Turma do Tribunal Superior do Trabalho condenou a empresa paulista M&amp;G Fibras e Resinas Ltda. a pagar o adicional de periculosidade a um eletricista que fazia manuten\u00e7\u00e3o de redes e de componentes de alta e baixa tens\u00e3o, energizada ou n\u00e3o. De acordo com a jurisprud\u00eancia do TST, o contato com o agente de [&hellip;]<\/p>\n","protected":false},"author":2,"featured_media":844,"comment_status":"closed","ping_status":"closed","sticky":false,"template":"","format":"standard","meta":{"_mi_skip_tracking":false,"footnotes":""},"categories":[9],"tags":[4],"class_list":["post-1020","post","type-post","status-publish","format-standard","has-post-thumbnail","hentry","category-noticias","tag-trabalhista"],"jetpack_featured_media_url":"https:\/\/domingoseadvogados.com.br\/wp-content\/uploads\/2020\/04\/33.jpg","jetpack-related-posts":[{"id":710,"url":"https:\/\/domingoseadvogados.com.br\/index.php\/2019\/09\/09\/eletricista-que-sofreu-queimaduras-no-corpo-vai-ser-indenizado-por-danos-a-projeto-de-vida\/","url_meta":{"origin":1020,"position":0},"title":"Eletricista que sofreu queimaduras no corpo vai ser indenizado por danos a projeto de vida","date":"setembro 9, 2019","format":false,"excerpt":"23\/08\/19 - A Sexta Turma do Tribunal Superior do Trabalho fixou em R$ 240 mil a indeniza\u00e7\u00e3o a ser paga pela Nova Palma Energia Ltda., do Rio Grande do Sul, a um eletricista que teve o corpo gravemente queimado em decorr\u00eancia de choque el\u00e9trico. Segundo a Turma, o valor arbitrado\u2026","rel":"","context":"Em &quot;Not\u00edcias&quot;","img":{"alt_text":"","src":"","width":0,"height":0},"classes":[]},{"id":799,"url":"https:\/\/domingoseadvogados.com.br\/index.php\/2020\/02\/12\/mecanico-de-fabricadora-de-veiculo-recebera-adicional-de-periculosidade-por-contato-com-inflamaveis\/","url_meta":{"origin":1020,"position":1},"title":"Mec\u00e2nico de fabricadora de ve\u00edculo receber\u00e1 adicional de periculosidade por contato com inflam\u00e1veis","date":"fevereiro 12, 2020","format":false,"excerpt":"A Sexta Turma do Tribunal Superior do Trabalho (TST) condenou a Rolls-Royce Brasil Ltda. ao pagamento de adicional de periculosidade a um mec\u00e2nico aeron\u00e1utico que entrava na \u00e1rea de armazenamento de produtos qu\u00edmicos cinco vezes ao m\u00eas, por 15 a 20 minutos. Conforme o colegiado, as condi\u00e7\u00f5es a que o\u2026","rel":"","context":"Em &quot;Not\u00edcias&quot;","img":{"alt_text":"","src":"https:\/\/i0.wp.com\/domingoseadvogados.com.br\/wp-content\/uploads\/2018\/10\/shutterstock_108943724-1000x675.jpg?resize=350%2C200&ssl=1","width":350,"height":200},"classes":[]},{"id":694,"url":"https:\/\/domingoseadvogados.com.br\/index.php\/2019\/06\/04\/motorista-de-caminhao-com-tanque-reserva-tem-direito-a-adicional-de-periculosidade\/","url_meta":{"origin":1020,"position":2},"title":"Motorista de caminh\u00e3o com tanque reserva tem direito a adicional de periculosidade","date":"junho 4, 2019","format":false,"excerpt":"A Segunda Turma do Tribunal Superior do Trabalho condenou a(empresa de transportes de carga) a pagar o adicional de periculosidade a um motorista carreteiro que conduzia caminh\u00e3o com tanque reserva com capacidade de 360 litros. Na decis\u00e3o, a Turma seguiu o entendimento do TST de que \u00e9 devido o adicional\u2026","rel":"","context":"Em &quot;Not\u00edcias&quot;","img":{"alt_text":"","src":"","width":0,"height":0},"classes":[]},{"id":1062,"url":"https:\/\/domingoseadvogados.com.br\/index.php\/2021\/05\/07\/proximidade-com-tubulacao-de-gas-garante-adicional-de-periculosidade\/","url_meta":{"origin":1020,"position":3},"title":"Proximidade com tubula\u00e7\u00e3o de g\u00e1s garante adicional de periculosidade","date":"maio 7, 2021","format":false,"excerpt":"A Sexta Turma do Tribunal Superior do Trabalho deferiu o adicional de periculosidade a um armador na \u00e1rea de caldeira da Fluid Controls do Brasil Ind\u00fastria e Com\u00e9rcio de V\u00e1lvulas Ltda., de Vit\u00f3ria (ES), que trabalhava em local em que h\u00e1 passagem de combust\u00edveis inflam\u00e1veis. A decis\u00e3o seguiu o entendimento\u2026","rel":"","context":"Em &quot;Not\u00edcias&quot;","img":{"alt_text":"","src":"https:\/\/i0.wp.com\/domingoseadvogados.com.br\/wp-content\/uploads\/2020\/04\/33.jpg?resize=350%2C200&ssl=1","width":350,"height":200},"classes":[]},{"id":662,"url":"https:\/\/domingoseadvogados.com.br\/index.php\/2019\/05\/21\/promotor-de-vendas-recebera-adicional-de-periculosidade-por-uso-de-moto-no-trabalho\/","url_meta":{"origin":1020,"position":4},"title":"Promotor de vendas receber\u00e1 adicional de periculosidade por uso de moto no trabalho","date":"maio 21, 2019","format":false,"excerpt":"A Quinta Turma do Tribunal Superior do Trabalho deferiu o adicional de periculosidade a um promotor de vendas e estoquista da (..)Atacadista de Alimentos Ltda. que, na realiza\u00e7\u00e3o do seu trabalho, conduzia motocicleta em vias p\u00fablicas de Fortaleza (CE). Conforme o colegiado, a habitualidade no uso da moto enquadra a\u2026","rel":"","context":"Em &quot;Not\u00edcias&quot;","img":{"alt_text":"","src":"https:\/\/i0.wp.com\/domingoseadvogados.com.br\/wp-content\/uploads\/2018\/10\/Direito-Trabalhista.jpg?resize=350%2C200&ssl=1","width":350,"height":200},"classes":[]},{"id":1145,"url":"https:\/\/domingoseadvogados.com.br\/index.php\/2022\/07\/27\/empregada-de-empresa-de-call-center-recebera-adicional-de-periculosidade\/","url_meta":{"origin":1020,"position":5},"title":"Empregada de empresa de call center receber\u00e1 adicional de periculosidade","date":"julho 27, 2022","format":false,"excerpt":"A Quinta Turma do Tribunal Superior do Trabalho (TST) condenou a Call Tecnologia e Servi\u00e7os Ltda. a pagar adicional de periculosidade a uma operadora, porque as atividades da empregada s\u00e3o desenvolvidas em \u00e1rea de risco. Como no pr\u00e9dio onde a empresa funciona fica armazenado l\u00edquido inflam\u00e1vel em quantidade superior ao\u2026","rel":"","context":"Em &quot;Not\u00edcias&quot;","img":{"alt_text":"","src":"https:\/\/i0.wp.com\/domingoseadvogados.com.br\/wp-content\/uploads\/2020\/04\/33.jpg?resize=350%2C200&ssl=1","width":350,"height":200},"classes":[]}],"_links":{"self":[{"href":"https:\/\/domingoseadvogados.com.br\/index.php\/wp-json\/wp\/v2\/posts\/1020"}],"collection":[{"href":"https:\/\/domingoseadvogados.com.br\/index.php\/wp-json\/wp\/v2\/posts"}],"about":[{"href":"https:\/\/domingoseadvogados.com.br\/index.php\/wp-json\/wp\/v2\/types\/post"}],"author":[{"embeddable":true,"href":"https:\/\/domingoseadvogados.com.br\/index.php\/wp-json\/wp\/v2\/users\/2"}],"replies":[{"embeddable":true,"href":"https:\/\/domingoseadvogados.com.br\/index.php\/wp-json\/wp\/v2\/comments?post=1020"}],"version-history":[{"count":1,"href":"https:\/\/domingoseadvogados.com.br\/index.php\/wp-json\/wp\/v2\/posts\/1020\/revisions"}],"predecessor-version":[{"id":1021,"href":"https:\/\/domingoseadvogados.com.br\/index.php\/wp-json\/wp\/v2\/posts\/1020\/revisions\/1021"}],"wp:featuredmedia":[{"embeddable":true,"href":"https:\/\/domingoseadvogados.com.br\/index.php\/wp-json\/wp\/v2\/media\/844"}],"wp:attachment":[{"href":"https:\/\/domingoseadvogados.com.br\/index.php\/wp-json\/wp\/v2\/media?parent=1020"}],"wp:term":[{"taxonomy":"category","embeddable":true,"href":"https:\/\/domingoseadvogados.com.br\/index.php\/wp-json\/wp\/v2\/categories?post=1020"},{"taxonomy":"post_tag","embeddable":true,"href":"https:\/\/domingoseadvogados.com.br\/index.php\/wp-json\/wp\/v2\/tags?post=1020"}],"curies":[{"name":"wp","href":"https:\/\/api.w.org\/{rel}","templated":true}]}}