{"id":1009,"date":"2021-02-18T18:31:08","date_gmt":"2021-02-18T21:31:08","guid":{"rendered":"http:\/\/domingoseadvogados.com.br\/?p=1009"},"modified":"2021-02-18T18:31:11","modified_gmt":"2021-02-18T21:31:11","slug":"laboratorio-indenizara-propagandista-obrigado-a-provar-remedios-em-reunioes-de-trabalho","status":"publish","type":"post","link":"https:\/\/domingoseadvogados.com.br\/index.php\/2021\/02\/18\/laboratorio-indenizara-propagandista-obrigado-a-provar-remedios-em-reunioes-de-trabalho\/","title":{"rendered":"Laborat\u00f3rio indenizar\u00e1 propagandista obrigado a provar rem\u00e9dios em reuni\u00f5es de trabalho"},"content":{"rendered":"\n<p>A Oitava Turma do Tribunal Superior do Trabalho rejeitou recurso da Eurofarma Laborat\u00f3rios S. A. contra a condena\u00e7\u00e3o ao pagamento de R$ 100 mil de indeniza\u00e7\u00e3o a um propagandista vendedor que era obrigado a consumir rem\u00e9dios de laborat\u00f3rios concorrentes em reuni\u00f5es de trabalho. A empresa j\u00e1 havia sido <a href=\"https:\/\/www.tst.jus.br\/-\/laborat%C3%B3rio-deve-pagar-indeniza%C3%A7%C3%A3o-de-r-1-milh%C3%A3o-por-exigir-degusta%C3%A7%C3%A3o-de-medicamentos%C2%A0\" target=\"_blank\" rel=\"noreferrer noopener\">condenada anteriormente<\/a>&nbsp;por dano moral coletivo em raz\u00e3o da&nbsp;mesma pr\u00e1tica.<\/p>\n\n\n\n<h4 class=\"wp-block-heading\">Degusta\u00e7\u00e3o<\/h4>\n\n\n\n<p>Na reclama\u00e7\u00e3o trabalhista, o propagandista disse que havia trabalhado para a Eurofarma durante oito anos, na regi\u00e3o de S\u00e3o Carlos, Ibat\u00e9 e Pirassununga (SP). Segundo seu relato, nas reuni\u00f5es mensais, era compelido a conseguir amostras de rem\u00e9dios dos concorrentes (muitos somente autorizados com prescri\u00e7\u00e3o m\u00e9dica, como antibi\u00f3ticos, corticoides, antial\u00e9rgicos, gastrointestinais e xaropes para tosse) para que fossem degustados, com o argumento de que deveria conhecer o sabor, o aroma e o gosto residual dos medicamentos comparados. Ele argumentava que uma \u201csimples pr\u00e1tica de marketing e vendas\u201d o expunha a riscos de sa\u00fade.<\/p>\n\n\n\n<h4 class=\"wp-block-heading\">Cobaias<\/h4>\n\n\n\n<p>O ju\u00edzo da 2\u00aa Vara do Trabalho de S\u00e3o Carlos (SP) condenou a Eurofarma ao pagamento de R$ 25 mil de indeniza\u00e7\u00e3o, e o valor foi majorado para R$ 100 mil pelo Tribunal Regional do Trabalho da 15\u00aa Regi\u00e3o (Campinas\/SP). Na avalia\u00e7\u00e3o do TRT, a pr\u00e1tica da empresa, comprovada em diversos depoimentos, configura abuso, ao utilizar os empregados como cobaias.<\/p>\n\n\n\n<h4 class=\"wp-block-heading\">Desprezo<\/h4>\n\n\n\n<p>Prevaleceu, no julgamento, o voto do ministro Brito Pereira pelo n\u00e3o conhecimento do recurso. Entre outros pontos, ele destacou que, de acordo com o TRT, a conduta da empresa revela um \u201ctotal desprezo\u201d com a dignidade humana e com a condi\u00e7\u00e3o social dos seus empregados, que, \u201cpremidos diariamente pela situa\u00e7\u00e3o econ\u00f4mica e pelo risco do desemprego\u201d, se submetem a uma \u201ccondi\u00e7\u00e3o de subservi\u00eancia t\u00e3o indigna e vexat\u00f3ria que n\u00e3o se deseja nem mesmo ao mais cruel dos criminosos&#8221;.<\/p>\n\n\n\n<p>Para o ministro, diante desse quadro, n\u00e3o se pode afirmar que a indeniza\u00e7\u00e3o deferida esteja fora dos limites da razoabilidade, da extens\u00e3o do dano e da proporcionalidade, sem o reexame de todo o conte\u00fado da prova e de nova valora\u00e7\u00e3o, procedimento vedado, nessa fase processual, pela S\u00famula 126 do TST.<\/p>\n\n\n\n<h4 class=\"wp-block-heading\">Dano moral coletivo<\/h4>\n\n\n\n<p>Em outubro de 2020, a Terceira Turma do TST condenou a Eurofarma ao pagamento de R$ 1 milh\u00e3o por danos morais coletivos pela mesma pr\u00e1tica. A a\u00e7\u00e3o civil p\u00fablica, proposta pelo Minist\u00e9rio P\u00fablico do Trabalho (MPT) a partir da den\u00fancia de tr\u00eas propagandistas de Teresina (PI), envolvia 1.500 profissionais espalhados pelo pa\u00eds.&nbsp;<\/p>\n\n\n\n<p>Fonte TST &#8211; (DA\/CF) &#8211; Processo: RRAg-12127-42.2016.5.15.0106<\/p>\n","protected":false},"excerpt":{"rendered":"<p>A Oitava Turma do Tribunal Superior do Trabalho rejeitou recurso da Eurofarma Laborat\u00f3rios S. A. contra a condena\u00e7\u00e3o ao pagamento de R$ 100 mil de indeniza\u00e7\u00e3o a um propagandista vendedor que era obrigado a consumir rem\u00e9dios de laborat\u00f3rios concorrentes em reuni\u00f5es de trabalho. A empresa j\u00e1 havia sido condenada anteriormente&nbsp;por dano moral coletivo em raz\u00e3o [&hellip;]<\/p>\n","protected":false},"author":2,"featured_media":844,"comment_status":"closed","ping_status":"closed","sticky":false,"template":"","format":"standard","meta":{"_mi_skip_tracking":false,"footnotes":""},"categories":[9],"tags":[4],"class_list":["post-1009","post","type-post","status-publish","format-standard","has-post-thumbnail","hentry","category-noticias","tag-trabalhista"],"jetpack_featured_media_url":"https:\/\/domingoseadvogados.com.br\/wp-content\/uploads\/2020\/04\/33.jpg","jetpack-related-posts":[{"id":928,"url":"https:\/\/domingoseadvogados.com.br\/index.php\/2020\/09\/01\/supermercado-vai-indenizar-empregado-que-ficou-isolado-e-sem-funcoes-para-cumprir\/","url_meta":{"origin":1009,"position":0},"title":"Supermercado vai indenizar empregado que ficou isolado e sem fun\u00e7\u00f5es para cumprir","date":"setembro 1, 2020","format":false,"excerpt":"O Supermercado da Fam\u00edlia Ltda., de S\u00e3o Paulo, foi condenado pela Terceira Turma do Tribunal Superior do Trabalho ao pagamento de indeniza\u00e7\u00e3o a um empregado que foi isolado em um novo setor sem nenhuma fun\u00e7\u00e3o para realizar. Segundo a Turma, ele foi submetido a situa\u00e7\u00f5es que atentaram contra a sua\u2026","rel":"","context":"Em &quot;Not\u00edcias&quot;","img":{"alt_text":"","src":"https:\/\/i0.wp.com\/domingoseadvogados.com.br\/wp-content\/uploads\/2020\/04\/33.jpg?resize=350%2C200&ssl=1","width":350,"height":200},"classes":[]},{"id":1088,"url":"https:\/\/domingoseadvogados.com.br\/index.php\/2021\/06\/16\/empresa-e-condenada-por-nao-informar-a-candidato-a-alto-cargo-sua-nao-aprovacao-em-processo-seletivo\/","url_meta":{"origin":1009,"position":1},"title":"Empresa \u00e9 condenada por n\u00e3o informar a candidato a alto cargo sua n\u00e3o aprova\u00e7\u00e3o em processo seletivo","date":"junho 16, 2021","format":false,"excerpt":"A Segunda Turma do Tribunal Superior do Trabalho condenou a (nome da empresa suprimido), com sede em S\u00e3o Paulo (SP), ao pagamento de indeniza\u00e7\u00e3o a um candidato de Curitiba (PR) que estava em fase avan\u00e7ada de negocia\u00e7\u00e3o para um alto cargo e n\u00e3o foi avisado da contrata\u00e7\u00e3o de outra pessoa.\u2026","rel":"","context":"Em &quot;Not\u00edcias&quot;","img":{"alt_text":"","src":"https:\/\/i0.wp.com\/domingoseadvogados.com.br\/wp-content\/uploads\/2020\/04\/33.jpg?resize=350%2C200&ssl=1","width":350,"height":200},"classes":[]},{"id":916,"url":"https:\/\/domingoseadvogados.com.br\/index.php\/2020\/07\/23\/clube-deve-adicional-de-insalubridade-a-ajudante-que-recolhia-lixo-de-consultorio-dentario\/","url_meta":{"origin":1009,"position":2},"title":"Clube deve adicional de insalubridade a ajudante que recolhia lixo de consult\u00f3rio dent\u00e1rio","date":"julho 23, 2020","format":false,"excerpt":"O Esporte Clube Pinheiros, de S\u00e3o Paulo (SP), foi condenado a pagar o adicional de insalubridade a uma profissional de limpeza que coletava lixo infectado em consult\u00f3rio de dentista da agremia\u00e7\u00e3o. Com a decis\u00e3o da Oitava Turma do Tribunal Superior do Trabalho, que rejeitou o exame do recurso do clube,\u2026","rel":"","context":"Em &quot;Not\u00edcias&quot;","img":{"alt_text":"","src":"https:\/\/i0.wp.com\/domingoseadvogados.com.br\/wp-content\/uploads\/2020\/04\/33.jpg?resize=350%2C200&ssl=1","width":350,"height":200},"classes":[]},{"id":984,"url":"https:\/\/domingoseadvogados.com.br\/index.php\/2020\/12\/07\/contrato-entre-motorista-e-empresa-de-logistica-se-enquadra-como-transporte-autonomo-de-carga\/","url_meta":{"origin":1009,"position":3},"title":"Contrato entre motorista e empresa de log\u00edstica se enquadra como transporte aut\u00f4nomo de carga","date":"dezembro 7, 2020","format":false,"excerpt":"A Quarta Turma do Tribunal Superior do Trabalho afastou o reconhecimento do v\u00ednculo de emprego de um motorista com a Unifast Log\u00edstica Industrial, de Serra (ES). Segundo a Turma, \u00e9 v\u00e1lido o contrato de transporte aut\u00f4nomo de carga firmado entre as partes, que configura rela\u00e7\u00e3o comercial. Contrato Na reclama\u00e7\u00e3o trabalhista,\u2026","rel":"","context":"Em &quot;Not\u00edcias&quot;","img":{"alt_text":"","src":"https:\/\/i0.wp.com\/domingoseadvogados.com.br\/wp-content\/uploads\/2020\/04\/33.jpg?resize=350%2C200&ssl=1","width":350,"height":200},"classes":[]},{"id":746,"url":"https:\/\/domingoseadvogados.com.br\/index.php\/2019\/09\/27\/garcom-sera-indenizado-por-ter-sido-vitima-de-assedio-apos-ajuizar-acao\/","url_meta":{"origin":1009,"position":4},"title":"Gar\u00e7om ser\u00e1 indenizado por ter sido v\u00edtima de ass\u00e9dio ap\u00f3s ajuizar a\u00e7\u00e3o","date":"setembro 27, 2019","format":false,"excerpt":"24\/09\/19 - A Segunda Turma do Tribunal Superior do Trabalho condenou o Restaurante (...) Ltda., de S\u00e3o Paulo (SP), ao pagamento de indeniza\u00e7\u00e3o de R$ 10 mil a um gar\u00e7om que havia demonstrado ter sofrido ass\u00e9dio moral. Ap\u00f3s ajuizar a\u00e7\u00e3o anterior contra a empresa, ele passou a ser tratado de\u2026","rel":"","context":"Em &quot;Not\u00edcias&quot;","img":{"alt_text":"","src":"https:\/\/i0.wp.com\/domingoseadvogados.com.br\/wp-content\/uploads\/2018\/10\/vostrebovanye-profesii-2017-e1497900710450.jpg?resize=350%2C200&ssl=1","width":350,"height":200},"classes":[]},{"id":755,"url":"https:\/\/domingoseadvogados.com.br\/index.php\/2019\/10\/02\/realizacao-de-pericia-para-verificar-insalubridade-e-obrigatoria-mesmo-que-nao-haja-pedido\/","url_meta":{"origin":1009,"position":5},"title":"Realiza\u00e7\u00e3o de per\u00edcia para verificar insalubridade \u00e9 obrigat\u00f3ria mesmo que n\u00e3o haja pedido","date":"outubro 2, 2019","format":false,"excerpt":"A Oitava Turma do Tribunal Superior do Trabalho determinou a realiza\u00e7\u00e3o de per\u00edcia t\u00e9cnica para apura\u00e7\u00e3o da insalubridade na reclama\u00e7\u00e3o trabalhista de uma operadora de produ\u00e7\u00e3o da BRF S.A. Ao dar provimento ao recurso da empresa, a Turma assinalou que, para a caracteriza\u00e7\u00e3o da insalubridade na atividade de trabalho, \u00e9\u2026","rel":"","context":"Em &quot;Not\u00edcias&quot;","img":{"alt_text":"","src":"https:\/\/i0.wp.com\/domingoseadvogados.com.br\/wp-content\/uploads\/2018\/10\/procedimentos-justi\u00e7a-do-trabalho-1.jpg?resize=350%2C200&ssl=1","width":350,"height":200},"classes":[]}],"_links":{"self":[{"href":"https:\/\/domingoseadvogados.com.br\/index.php\/wp-json\/wp\/v2\/posts\/1009"}],"collection":[{"href":"https:\/\/domingoseadvogados.com.br\/index.php\/wp-json\/wp\/v2\/posts"}],"about":[{"href":"https:\/\/domingoseadvogados.com.br\/index.php\/wp-json\/wp\/v2\/types\/post"}],"author":[{"embeddable":true,"href":"https:\/\/domingoseadvogados.com.br\/index.php\/wp-json\/wp\/v2\/users\/2"}],"replies":[{"embeddable":true,"href":"https:\/\/domingoseadvogados.com.br\/index.php\/wp-json\/wp\/v2\/comments?post=1009"}],"version-history":[{"count":1,"href":"https:\/\/domingoseadvogados.com.br\/index.php\/wp-json\/wp\/v2\/posts\/1009\/revisions"}],"predecessor-version":[{"id":1010,"href":"https:\/\/domingoseadvogados.com.br\/index.php\/wp-json\/wp\/v2\/posts\/1009\/revisions\/1010"}],"wp:featuredmedia":[{"embeddable":true,"href":"https:\/\/domingoseadvogados.com.br\/index.php\/wp-json\/wp\/v2\/media\/844"}],"wp:attachment":[{"href":"https:\/\/domingoseadvogados.com.br\/index.php\/wp-json\/wp\/v2\/media?parent=1009"}],"wp:term":[{"taxonomy":"category","embeddable":true,"href":"https:\/\/domingoseadvogados.com.br\/index.php\/wp-json\/wp\/v2\/categories?post=1009"},{"taxonomy":"post_tag","embeddable":true,"href":"https:\/\/domingoseadvogados.com.br\/index.php\/wp-json\/wp\/v2\/tags?post=1009"}],"curies":[{"name":"wp","href":"https:\/\/api.w.org\/{rel}","templated":true}]}}